{"id":313528,"date":"2026-04-28T16:09:43","date_gmt":"2026-04-28T19:09:43","guid":{"rendered":"https:\/\/www.caririemacao.com\/1\/?p=313528"},"modified":"2026-04-28T16:32:22","modified_gmt":"2026-04-28T19:32:22","slug":"vereadores-de-cuite-pb-participam-da-marcha-dos-vereadores-em-brasilia","status":"publish","type":"post","link":"https:\/\/www.caririemacao.com\/1\/2026\/04\/28\/vereadores-de-cuite-pb-participam-da-marcha-dos-vereadores-em-brasilia\/","title":{"rendered":"Vereadores de Cuit\u00e9\/PB participam da Marcha dos Vereadores em Bras\u00edlia"},"content":{"rendered":"<p data-start=\"73\" data-end=\"351\">Os vereadores de Cuit\u00e9, Dr. Vinicius, Dagmando (presidente da C\u00e2mara Municipal) e Ivanzinho de Joventino, est\u00e3o em Bras\u00edlia participando da Marcha dos Vereadores, refor\u00e7ando o compromisso com o fortalecimento do legislativo e a busca por melhorias para a popula\u00e7\u00e3o do munic\u00edpio.<\/p>\n<p data-start=\"353\" data-end=\"590\">Direto da capital federal, o Cariri em a\u00e7\u00e3o acompanha a programa\u00e7\u00e3o do evento, que re\u00fane representantes de todo o pa\u00eds em debates sobre pol\u00edticas p\u00fablicas, troca de experi\u00eancias e fortalecimento da atua\u00e7\u00e3o parlamentar nos munic\u00edpios.<\/p>\n<p data-start=\"592\" data-end=\"943\">O presidente da C\u00e2mara de Cuit\u00e9, vereador Dagmando, destacou a import\u00e2ncia da participa\u00e7\u00e3o no encontro. \u201cEstar em Bras\u00edlia, junto com vereadores de todo o Brasil, \u00e9 uma oportunidade de aprendizado e de fortalecimento do nosso mandato. Seguimos buscando conhecimento e alternativas que possam trazer benef\u00edcios concretos para o povo de Cuit\u00e9\u201d, afirmou.<\/p>\n<p data-start=\"945\" data-end=\"1164\" data-is-last-node=\"\" data-is-only-node=\"\">A Marcha dos Vereadores \u00e9 considerada um dos maiores encontros de legislativos municipais da Am\u00e9rica Latina, promovendo discuss\u00f5es que contribuem para o aprimoramento da atua\u00e7\u00e3o pol\u00edtica e administrativa em todo o pa\u00eds.<\/p>\n<p data-start=\"945\" data-end=\"1164\" data-is-last-node=\"\" data-is-only-node=\"\"><strong>CARIRI EM A\u00c7\u00c3O<\/strong><\/p>\n","protected":false},"excerpt":{"rendered":"<p>Os vereadores de Cuit\u00e9, Dr. Vinicius, Dagmando (presidente da C\u00e2mara Municipal) e Ivanzinho de Joventino, est\u00e3o em Bras\u00edlia participando da Marcha dos Vereadores, refor\u00e7ando o&hellip; <\/p>\n","protected":false},"author":6,"featured_media":313529,"comment_status":"closed","ping_status":"closed","sticky":false,"template":"","format":"standard","meta":{"sfsi_plus_gutenberg_text_before_share":"","sfsi_plus_gutenberg_show_text_before_share":"","sfsi_plus_gutenberg_icon_type":"","sfsi_plus_gutenberg_icon_alignemt":"","sfsi_plus_gutenburg_max_per_row":"","footnotes":""},"categories":[50,2,1,104],"tags":[],"class_list":["post-313528","post","type-post","status-publish","format-standard","has-post-thumbnail","hentry","category-destaque","category-geral","category-o-site","category-paraiba"],"_links":{"self":[{"href":"https:\/\/www.caririemacao.com\/1\/wp-json\/wp\/v2\/posts\/313528","targetHints":{"allow":["GET"]}}],"collection":[{"href":"https:\/\/www.caririemacao.com\/1\/wp-json\/wp\/v2\/posts"}],"about":[{"href":"https:\/\/www.caririemacao.com\/1\/wp-json\/wp\/v2\/types\/post"}],"author":[{"embeddable":true,"href":"https:\/\/www.caririemacao.com\/1\/wp-json\/wp\/v2\/users\/6"}],"replies":[{"embeddable":true,"href":"https:\/\/www.caririemacao.com\/1\/wp-json\/wp\/v2\/comments?post=313528"}],"version-history":[{"count":3,"href":"https:\/\/www.caririemacao.com\/1\/wp-json\/wp\/v2\/posts\/313528\/revisions"}],"predecessor-version":[{"id":313541,"href":"https:\/\/www.caririemacao.com\/1\/wp-json\/wp\/v2\/posts\/313528\/revisions\/313541"}],"wp:featuredmedia":[{"embeddable":true,"href":"https:\/\/www.caririemacao.com\/1\/wp-json\/wp\/v2\/media\/313529"}],"wp:attachment":[{"href":"https:\/\/www.caririemacao.com\/1\/wp-json\/wp\/v2\/media?parent=313528"}],"wp:term":[{"taxonomy":"category","embeddable":true,"href":"https:\/\/www.caririemacao.com\/1\/wp-json\/wp\/v2\/categories?post=313528"},{"taxonomy":"post_tag","embeddable":true,"href":"https:\/\/www.caririemacao.com\/1\/wp-json\/wp\/v2\/tags?post=313528"}],"curies":[{"name":"wp","href":"https:\/\/api.w.org\/{rel}","templated":true}]}}