{"id":313532,"date":"2026-04-28T16:17:45","date_gmt":"2026-04-28T19:17:45","guid":{"rendered":"https:\/\/www.caririemacao.com\/1\/?p=313532"},"modified":"2026-04-28T16:38:20","modified_gmt":"2026-04-28T19:38:20","slug":"vereadores-de-areial-pb-participam-da-programacao-da-marcha-dos-vereadores-em-brasilia","status":"publish","type":"post","link":"https:\/\/www.caririemacao.com\/1\/2026\/04\/28\/vereadores-de-areial-pb-participam-da-programacao-da-marcha-dos-vereadores-em-brasilia\/","title":{"rendered":"Vereadores de Areial\/PB participam da programa\u00e7\u00e3o da Marcha dos Vereadores em Bras\u00edlia"},"content":{"rendered":"<p data-start=\"100\" data-end=\"358\">Os vereadores de Areial, Ronaldo de Adilma (presidente da C\u00e2mara Municipal) e Valmir, est\u00e3o em Bras\u00edlia participando da Marcha dos Vereadores, refor\u00e7ando o compromisso com o fortalecimento do legislativo e a busca por melhorias para a popula\u00e7\u00e3o do munic\u00edpio.<\/p>\n<p data-start=\"360\" data-end=\"584\">Direto da capital federal, o <strong data-start=\"389\" data-end=\"407\">Cariri em a\u00e7\u00e3o<\/strong> acompanha a programa\u00e7\u00e3o do evento, que re\u00fane representantes de todo o Brasil em debates sobre pol\u00edticas p\u00fablicas, troca de experi\u00eancias e fortalecimento da atua\u00e7\u00e3o parlamentar.<\/p>\n<p data-start=\"586\" data-end=\"937\">O presidente da C\u00e2mara de Areial, vereador Ronaldo de Adilma, destacou a import\u00e2ncia da participa\u00e7\u00e3o no encontro. \u201cParticipar da Marcha dos Vereadores \u00e9 uma oportunidade de aprendizado e crescimento. Estamos aqui buscando conhecimento e novas ideias que possam contribuir com o desenvolvimento de Areial e melhorar a vida da nossa popula\u00e7\u00e3o\u201d, afirmou.<\/p>\n<p data-start=\"939\" data-end=\"1197\" data-is-last-node=\"\" data-is-only-node=\"\">A Marcha dos Vereadores \u00e9 considerada um dos maiores encontros de legislativos municipais da Am\u00e9rica Latina, reunindo parlamentares de diversas regi\u00f5es em torno de discuss\u00f5es que visam aprimorar a atua\u00e7\u00e3o pol\u00edtica e administrativa nos munic\u00edpios brasileiros.<\/p>\n<p data-start=\"939\" data-end=\"1197\" data-is-last-node=\"\" data-is-only-node=\"\"><strong>CARIRI EM A\u00c7\u00c3O<\/strong><\/p>\n","protected":false},"excerpt":{"rendered":"<p>Os vereadores de Areial, Ronaldo de Adilma (presidente da C\u00e2mara Municipal) e Valmir, est\u00e3o em Bras\u00edlia participando da Marcha dos Vereadores, refor\u00e7ando o compromisso com&hellip; <\/p>\n","protected":false},"author":6,"featured_media":313533,"comment_status":"closed","ping_status":"closed","sticky":false,"template":"","format":"standard","meta":{"sfsi_plus_gutenberg_text_before_share":"","sfsi_plus_gutenberg_show_text_before_share":"","sfsi_plus_gutenberg_icon_type":"","sfsi_plus_gutenberg_icon_alignemt":"","sfsi_plus_gutenburg_max_per_row":"","footnotes":""},"categories":[50,2,104],"tags":[],"class_list":["post-313532","post","type-post","status-publish","format-standard","has-post-thumbnail","hentry","category-destaque","category-geral","category-paraiba"],"_links":{"self":[{"href":"https:\/\/www.caririemacao.com\/1\/wp-json\/wp\/v2\/posts\/313532","targetHints":{"allow":["GET"]}}],"collection":[{"href":"https:\/\/www.caririemacao.com\/1\/wp-json\/wp\/v2\/posts"}],"about":[{"href":"https:\/\/www.caririemacao.com\/1\/wp-json\/wp\/v2\/types\/post"}],"author":[{"embeddable":true,"href":"https:\/\/www.caririemacao.com\/1\/wp-json\/wp\/v2\/users\/6"}],"replies":[{"embeddable":true,"href":"https:\/\/www.caririemacao.com\/1\/wp-json\/wp\/v2\/comments?post=313532"}],"version-history":[{"count":4,"href":"https:\/\/www.caririemacao.com\/1\/wp-json\/wp\/v2\/posts\/313532\/revisions"}],"predecessor-version":[{"id":313548,"href":"https:\/\/www.caririemacao.com\/1\/wp-json\/wp\/v2\/posts\/313532\/revisions\/313548"}],"wp:featuredmedia":[{"embeddable":true,"href":"https:\/\/www.caririemacao.com\/1\/wp-json\/wp\/v2\/media\/313533"}],"wp:attachment":[{"href":"https:\/\/www.caririemacao.com\/1\/wp-json\/wp\/v2\/media?parent=313532"}],"wp:term":[{"taxonomy":"category","embeddable":true,"href":"https:\/\/www.caririemacao.com\/1\/wp-json\/wp\/v2\/categories?post=313532"},{"taxonomy":"post_tag","embeddable":true,"href":"https:\/\/www.caririemacao.com\/1\/wp-json\/wp\/v2\/tags?post=313532"}],"curies":[{"name":"wp","href":"https:\/\/api.w.org\/{rel}","templated":true}]}}