{"id":313535,"date":"2026-04-28T16:25:08","date_gmt":"2026-04-28T19:25:08","guid":{"rendered":"https:\/\/www.caririemacao.com\/1\/?p=313535"},"modified":"2026-04-28T16:32:02","modified_gmt":"2026-04-28T19:32:02","slug":"representantes-de-gurjao-pb-cumprem-agenda-em-brasilia-durante-marcha-dos-vereadores","status":"publish","type":"post","link":"https:\/\/www.caririemacao.com\/1\/2026\/04\/28\/representantes-de-gurjao-pb-cumprem-agenda-em-brasilia-durante-marcha-dos-vereadores\/","title":{"rendered":"Representantes de Gurj\u00e3o\/PB cumprem agenda em Bras\u00edlia durante Marcha dos Vereadores"},"content":{"rendered":"<p data-start=\"87\" data-end=\"409\">Os vereadores de Gurj\u00e3o, Edivaldo Morais (presidente da C\u00e2mara Municipal), Lidi Farias, Macielma C\u00e2ndido, Ronaldo de Meira e Thalis Morais, al\u00e9m do contador Joilto, est\u00e3o em Bras\u00edlia participando da Marcha dos Vereadores, evento que re\u00fane representantes de todo o pa\u00eds em defesa do fortalecimento do legislativo municipal.<\/p>\n<p data-start=\"411\" data-end=\"633\">Direto da capital federal, o Cariri em a\u00e7\u00e3o acompanha a programa\u00e7\u00e3o, que inclui palestras, pain\u00e9is e debates voltados \u00e0 qualifica\u00e7\u00e3o dos mandatos e \u00e0 constru\u00e7\u00e3o de pol\u00edticas p\u00fablicas mais eficientes para os munic\u00edpios.<\/p>\n<p data-start=\"635\" data-end=\"1003\">O presidente da C\u00e2mara de Gurj\u00e3o, vereador Edivaldo Morais, destacou a import\u00e2ncia da participa\u00e7\u00e3o no evento. \u201cEstar em Bras\u00edlia, junto com vereadores de todo o Brasil, \u00e9 uma oportunidade de ampliar nossos conhecimentos, trocar experi\u00eancias e buscar solu\u00e7\u00f5es que possam contribuir diretamente com o desenvolvimento de Gurj\u00e3o e o bem-estar da nossa popula\u00e7\u00e3o\u201d, afirmou.<\/p>\n<p data-start=\"635\" data-end=\"1003\"><strong>CARIRI EM A\u00c7\u00c3O<\/strong><\/p>\n","protected":false},"excerpt":{"rendered":"<p>Os vereadores de Gurj\u00e3o, Edivaldo Morais (presidente da C\u00e2mara Municipal), Lidi Farias, Macielma C\u00e2ndido, Ronaldo de Meira e Thalis Morais, al\u00e9m do contador Joilto, est\u00e3o&hellip; <\/p>\n","protected":false},"author":6,"featured_media":313536,"comment_status":"closed","ping_status":"closed","sticky":false,"template":"","format":"standard","meta":{"sfsi_plus_gutenberg_text_before_share":"","sfsi_plus_gutenberg_show_text_before_share":"","sfsi_plus_gutenberg_icon_type":"","sfsi_plus_gutenberg_icon_alignemt":"","sfsi_plus_gutenburg_max_per_row":"","footnotes":""},"categories":[50,2,77,1],"tags":[],"class_list":["post-313535","post","type-post","status-publish","format-standard","has-post-thumbnail","hentry","category-destaque","category-geral","category-gurjao","category-o-site"],"_links":{"self":[{"href":"https:\/\/www.caririemacao.com\/1\/wp-json\/wp\/v2\/posts\/313535","targetHints":{"allow":["GET"]}}],"collection":[{"href":"https:\/\/www.caririemacao.com\/1\/wp-json\/wp\/v2\/posts"}],"about":[{"href":"https:\/\/www.caririemacao.com\/1\/wp-json\/wp\/v2\/types\/post"}],"author":[{"embeddable":true,"href":"https:\/\/www.caririemacao.com\/1\/wp-json\/wp\/v2\/users\/6"}],"replies":[{"embeddable":true,"href":"https:\/\/www.caririemacao.com\/1\/wp-json\/wp\/v2\/comments?post=313535"}],"version-history":[{"count":3,"href":"https:\/\/www.caririemacao.com\/1\/wp-json\/wp\/v2\/posts\/313535\/revisions"}],"predecessor-version":[{"id":313539,"href":"https:\/\/www.caririemacao.com\/1\/wp-json\/wp\/v2\/posts\/313535\/revisions\/313539"}],"wp:featuredmedia":[{"embeddable":true,"href":"https:\/\/www.caririemacao.com\/1\/wp-json\/wp\/v2\/media\/313536"}],"wp:attachment":[{"href":"https:\/\/www.caririemacao.com\/1\/wp-json\/wp\/v2\/media?parent=313535"}],"wp:term":[{"taxonomy":"category","embeddable":true,"href":"https:\/\/www.caririemacao.com\/1\/wp-json\/wp\/v2\/categories?post=313535"},{"taxonomy":"post_tag","embeddable":true,"href":"https:\/\/www.caririemacao.com\/1\/wp-json\/wp\/v2\/tags?post=313535"}],"curies":[{"name":"wp","href":"https:\/\/api.w.org\/{rel}","templated":true}]}}