{"id":313552,"date":"2026-04-29T09:19:10","date_gmt":"2026-04-29T12:19:10","guid":{"rendered":"https:\/\/www.caririemacao.com\/1\/?p=313552"},"modified":"2026-04-29T09:19:26","modified_gmt":"2026-04-29T12:19:26","slug":"fecam-pb-realiza-jantar-com-vereadores-em-brasilia-e-entrega-proposta-de-pec-ao-deputado-hugo-motta","status":"publish","type":"post","link":"https:\/\/www.caririemacao.com\/1\/2026\/04\/29\/fecam-pb-realiza-jantar-com-vereadores-em-brasilia-e-entrega-proposta-de-pec-ao-deputado-hugo-motta\/","title":{"rendered":"FECAM-PB realiza jantar com vereadores em Bras\u00edlia e entrega proposta de PEC ao deputado Hugo Motta"},"content":{"rendered":"<p data-start=\"204\" data-end=\"399\">A <span class=\"hover:entity-accent entity-underline inline cursor-pointer align-baseline\"><span class=\"whitespace-normal\">FECAM-PB<\/span><\/span> promoveu, na noite da \u00faltima ter\u00e7a-feira (28), um jantar com a participa\u00e7\u00e3o de mais de 300 vereadores paraibanos, em <span class=\"hover:entity-accent entity-underline inline cursor-pointer align-baseline\"><span class=\"whitespace-normal\">Bras\u00edlia<\/span><\/span>.<\/p>\n<p data-start=\"401\" data-end=\"624\">O encontro teve como objetivo fortalecer a integra\u00e7\u00e3o entre os parlamentares municipais, promovendo o di\u00e1logo e a troca de experi\u00eancias entre representantes de diferentes munic\u00edpios da <span class=\"hover:entity-accent entity-underline inline cursor-pointer align-baseline\"><span class=\"whitespace-normal\">Para\u00edba<\/span><\/span>.<\/p>\n<p data-start=\"626\" data-end=\"828\">Durante o evento, o presidente da FECAM-PB, <span class=\"hover:entity-accent entity-underline inline cursor-pointer align-baseline\"><span class=\"whitespace-normal\">F\u00e9lix J\u00fanior<\/span><\/span>, tamb\u00e9m presidente da C\u00e2mara de Vereadores de Santa Luzia, destacou a import\u00e2ncia do momento para a pauta municipalista.<\/p>\n<p data-start=\"830\" data-end=\"1189\">Na ocasi\u00e3o, a entidade entregou ao deputado federal <span class=\"hover:entity-accent entity-underline inline cursor-pointer align-baseline\"><span class=\"whitespace-normal\">Hugo Motta<\/span><\/span> uma proposta de Proposta de Emenda \u00e0 Constitui\u00e7\u00e3o (PEC) que visa permitir que c\u00e2maras municipais possam receber emendas parlamentares. A iniciativa tem como finalidade viabilizar recursos para aquisi\u00e7\u00e3o de novos ve\u00edculos, al\u00e9m da constru\u00e7\u00e3o e reforma de sedes pr\u00f3prias.<\/p>\n<p data-start=\"1191\" data-end=\"1605\">Segundo F\u00e9lix J\u00fanior, a proposta surge a partir da realidade enfrentada por diversas c\u00e2maras municipais no estado. \u201cAo percorrer a Para\u00edba, constatamos que muitas c\u00e2maras est\u00e3o sucateadas, sem condi\u00e7\u00f5es adequadas de funcionamento. H\u00e1 casos de sedes improvisadas, funcionando em pr\u00e9dios alugados ou cedidos pelas prefeituras, al\u00e9m da falta ou precariedade de ve\u00edculos para deslocamento dos parlamentares\u201d, destacou.<\/p>\n<p data-start=\"1607\" data-end=\"1858\">Ainda de acordo com o presidente, a aprova\u00e7\u00e3o da proposta poder\u00e1 representar um avan\u00e7o significativo na estrutura\u00e7\u00e3o do Poder Legislativo municipal, garantindo melhores condi\u00e7\u00f5es de trabalho aos vereadores e mais efici\u00eancia no atendimento \u00e0 popula\u00e7\u00e3o.<\/p>\n<p data-start=\"1607\" data-end=\"1858\">\n<p data-start=\"1607\" data-end=\"1858\"><strong>CARIRI EM A\u00c7\u00c3O<\/strong><\/p>\n","protected":false},"excerpt":{"rendered":"<p>A FECAM-PB promoveu, na noite da \u00faltima ter\u00e7a-feira (28), um jantar com a participa\u00e7\u00e3o de mais de 300 vereadores paraibanos, em Bras\u00edlia. O encontro teve&hellip; <\/p>\n","protected":false},"author":6,"featured_media":313553,"comment_status":"closed","ping_status":"closed","sticky":false,"template":"","format":"standard","meta":{"sfsi_plus_gutenberg_text_before_share":"","sfsi_plus_gutenberg_show_text_before_share":"","sfsi_plus_gutenberg_icon_type":"","sfsi_plus_gutenberg_icon_alignemt":"","sfsi_plus_gutenburg_max_per_row":"","footnotes":""},"categories":[50,2,104],"tags":[],"class_list":["post-313552","post","type-post","status-publish","format-standard","has-post-thumbnail","hentry","category-destaque","category-geral","category-paraiba"],"_links":{"self":[{"href":"https:\/\/www.caririemacao.com\/1\/wp-json\/wp\/v2\/posts\/313552","targetHints":{"allow":["GET"]}}],"collection":[{"href":"https:\/\/www.caririemacao.com\/1\/wp-json\/wp\/v2\/posts"}],"about":[{"href":"https:\/\/www.caririemacao.com\/1\/wp-json\/wp\/v2\/types\/post"}],"author":[{"embeddable":true,"href":"https:\/\/www.caririemacao.com\/1\/wp-json\/wp\/v2\/users\/6"}],"replies":[{"embeddable":true,"href":"https:\/\/www.caririemacao.com\/1\/wp-json\/wp\/v2\/comments?post=313552"}],"version-history":[{"count":2,"href":"https:\/\/www.caririemacao.com\/1\/wp-json\/wp\/v2\/posts\/313552\/revisions"}],"predecessor-version":[{"id":313555,"href":"https:\/\/www.caririemacao.com\/1\/wp-json\/wp\/v2\/posts\/313552\/revisions\/313555"}],"wp:featuredmedia":[{"embeddable":true,"href":"https:\/\/www.caririemacao.com\/1\/wp-json\/wp\/v2\/media\/313553"}],"wp:attachment":[{"href":"https:\/\/www.caririemacao.com\/1\/wp-json\/wp\/v2\/media?parent=313552"}],"wp:term":[{"taxonomy":"category","embeddable":true,"href":"https:\/\/www.caririemacao.com\/1\/wp-json\/wp\/v2\/categories?post=313552"},{"taxonomy":"post_tag","embeddable":true,"href":"https:\/\/www.caririemacao.com\/1\/wp-json\/wp\/v2\/tags?post=313552"}],"curies":[{"name":"wp","href":"https:\/\/api.w.org\/{rel}","templated":true}]}}