{"id":313557,"date":"2026-04-29T09:30:53","date_gmt":"2026-04-29T12:30:53","guid":{"rendered":"https:\/\/www.caririemacao.com\/1\/?p=313557"},"modified":"2026-04-29T09:30:53","modified_gmt":"2026-04-29T12:30:53","slug":"passeio-ciclistico-da-terceira-idade-marca-comemoracao-pelos-32-anos-de-emancipacao-de-zabele","status":"publish","type":"post","link":"https:\/\/www.caririemacao.com\/1\/2026\/04\/29\/passeio-ciclistico-da-terceira-idade-marca-comemoracao-pelos-32-anos-de-emancipacao-de-zabele\/","title":{"rendered":"Passeio cicl\u00edstico da terceira idade marca comemora\u00e7\u00e3o pelos 32 anos de emancipa\u00e7\u00e3o de Zabel\u00ea"},"content":{"rendered":"<p data-start=\"99\" data-end=\"298\">O munic\u00edpio de <span class=\"hover:entity-accent entity-underline inline cursor-pointer align-baseline\"><span class=\"whitespace-normal\">Zabel\u00ea<\/span><\/span> celebrou, na manh\u00e3 desta quarta-feira (29), os 32 anos de Emancipa\u00e7\u00e3o Pol\u00edtica com a realiza\u00e7\u00e3o de um passeio cicl\u00edstico voltado \u00e0 terceira idade.<\/p>\n<p data-start=\"99\" data-end=\"298\"><img fetchpriority=\"high\" decoding=\"async\" class=\"size-medium wp-image-313559 aligncenter\" src=\"https:\/\/www.caririemacao.com\/1\/wp-content\/uploads\/2026\/04\/WhatsApp-Image-2026-04-29-at-07.51.58-1-300x225.jpeg\" alt=\"\" width=\"300\" height=\"225\" srcset=\"https:\/\/www.caririemacao.com\/1\/wp-content\/uploads\/2026\/04\/WhatsApp-Image-2026-04-29-at-07.51.58-1-300x225.jpeg 300w, https:\/\/www.caririemacao.com\/1\/wp-content\/uploads\/2026\/04\/WhatsApp-Image-2026-04-29-at-07.51.58-1-768x576.jpeg 768w, https:\/\/www.caririemacao.com\/1\/wp-content\/uploads\/2026\/04\/WhatsApp-Image-2026-04-29-at-07.51.58-1.jpeg 1280w\" sizes=\"(max-width: 300px) 100vw, 300px\" \/><\/p>\n<p data-start=\"300\" data-end=\"569\">A a\u00e7\u00e3o reuniu um n\u00famero expressivo de idosos, que participaram do momento de confraterniza\u00e7\u00e3o, incentivo \u00e0 pr\u00e1tica de atividades f\u00edsicas e promo\u00e7\u00e3o da qualidade de vida. O evento integrou a programa\u00e7\u00e3o comemorativa do munic\u00edpio e contou com o apoio da gest\u00e3o municipal.<\/p>\n<p data-start=\"571\" data-end=\"974\">A prefeita <span class=\"hover:entity-accent entity-underline inline cursor-pointer align-baseline\"><span class=\"whitespace-normal\">Jors\u00e2mara Neves<\/span><\/span> destacou a import\u00e2ncia da iniciativa para valorizar a popula\u00e7\u00e3o idosa.<\/p>\n<p data-start=\"571\" data-end=\"974\">\u201c\u00c9 uma alegria muito grande celebrar os 32 anos de emancipa\u00e7\u00e3o de Zabel\u00ea com a\u00e7\u00f5es que promovem sa\u00fade, bem-estar e inclus\u00e3o. Nossa terceira idade merece todo o nosso respeito e cuidado, e momentos como esse refor\u00e7am o compromisso da gest\u00e3o com a qualidade de vida de todos\u201d, afirmou.<\/p>\n<p data-start=\"571\" data-end=\"974\">\n<p data-start=\"571\" data-end=\"974\"><strong>CARIRI EM A\u00c7\u00c3O<\/strong><\/p>\n","protected":false},"excerpt":{"rendered":"<p>O munic\u00edpio de Zabel\u00ea celebrou, na manh\u00e3 desta quarta-feira (29), os 32 anos de Emancipa\u00e7\u00e3o Pol\u00edtica com a realiza\u00e7\u00e3o de um passeio cicl\u00edstico voltado \u00e0&hellip; <\/p>\n","protected":false},"author":6,"featured_media":313558,"comment_status":"closed","ping_status":"closed","sticky":false,"template":"","format":"standard","meta":{"sfsi_plus_gutenberg_text_before_share":"","sfsi_plus_gutenberg_show_text_before_share":"","sfsi_plus_gutenberg_icon_type":"","sfsi_plus_gutenberg_icon_alignemt":"","sfsi_plus_gutenburg_max_per_row":"","footnotes":""},"categories":[50,2,97],"tags":[],"class_list":["post-313557","post","type-post","status-publish","format-standard","has-post-thumbnail","hentry","category-destaque","category-geral","category-zabele"],"_links":{"self":[{"href":"https:\/\/www.caririemacao.com\/1\/wp-json\/wp\/v2\/posts\/313557","targetHints":{"allow":["GET"]}}],"collection":[{"href":"https:\/\/www.caririemacao.com\/1\/wp-json\/wp\/v2\/posts"}],"about":[{"href":"https:\/\/www.caririemacao.com\/1\/wp-json\/wp\/v2\/types\/post"}],"author":[{"embeddable":true,"href":"https:\/\/www.caririemacao.com\/1\/wp-json\/wp\/v2\/users\/6"}],"replies":[{"embeddable":true,"href":"https:\/\/www.caririemacao.com\/1\/wp-json\/wp\/v2\/comments?post=313557"}],"version-history":[{"count":1,"href":"https:\/\/www.caririemacao.com\/1\/wp-json\/wp\/v2\/posts\/313557\/revisions"}],"predecessor-version":[{"id":313561,"href":"https:\/\/www.caririemacao.com\/1\/wp-json\/wp\/v2\/posts\/313557\/revisions\/313561"}],"wp:featuredmedia":[{"embeddable":true,"href":"https:\/\/www.caririemacao.com\/1\/wp-json\/wp\/v2\/media\/313558"}],"wp:attachment":[{"href":"https:\/\/www.caririemacao.com\/1\/wp-json\/wp\/v2\/media?parent=313557"}],"wp:term":[{"taxonomy":"category","embeddable":true,"href":"https:\/\/www.caririemacao.com\/1\/wp-json\/wp\/v2\/categories?post=313557"},{"taxonomy":"post_tag","embeddable":true,"href":"https:\/\/www.caririemacao.com\/1\/wp-json\/wp\/v2\/tags?post=313557"}],"curies":[{"name":"wp","href":"https:\/\/api.w.org\/{rel}","templated":true}]}}