{"id":313562,"date":"2026-04-29T09:39:18","date_gmt":"2026-04-29T12:39:18","guid":{"rendered":"https:\/\/www.caririemacao.com\/1\/?p=313562"},"modified":"2026-04-29T09:39:18","modified_gmt":"2026-04-29T12:39:18","slug":"hasteamento-das-bandeiras-marca-inicio-das-comemoracoes-dos-32-anos-de-emancipacao-de-zabele","status":"publish","type":"post","link":"https:\/\/www.caririemacao.com\/1\/2026\/04\/29\/hasteamento-das-bandeiras-marca-inicio-das-comemoracoes-dos-32-anos-de-emancipacao-de-zabele\/","title":{"rendered":"Hasteamento das bandeiras marca in\u00edcio das comemora\u00e7\u00f5es dos 32 anos de emancipa\u00e7\u00e3o de Zabel\u00ea"},"content":{"rendered":"<p>O munic\u00edpio de Zabel\u00ea deu in\u00edcio, nesta quarta-feira (29), \u00e0 programa\u00e7\u00e3o oficial em comemora\u00e7\u00e3o aos 32 anos de Emancipa\u00e7\u00e3o Pol\u00edtica com a tradicional solenidade de hasteamento das bandeiras.<\/p>\n<p>O ato c\u00edvico reuniu autoridades, servidores e a popula\u00e7\u00e3o, simbolizando o come\u00e7o das atividades festivas no munic\u00edpio e refor\u00e7ando o sentimento de pertencimento e valoriza\u00e7\u00e3o da hist\u00f3ria local.<\/p>\n<p><img fetchpriority=\"high\" decoding=\"async\" class=\" wp-image-313564 aligncenter\" src=\"https:\/\/www.caririemacao.com\/1\/wp-content\/uploads\/2026\/04\/WhatsApp-Image-2026-04-29-at-09.18.13-300x225.jpeg\" alt=\"\" width=\"371\" height=\"278\" srcset=\"https:\/\/www.caririemacao.com\/1\/wp-content\/uploads\/2026\/04\/WhatsApp-Image-2026-04-29-at-09.18.13-300x225.jpeg 300w, https:\/\/www.caririemacao.com\/1\/wp-content\/uploads\/2026\/04\/WhatsApp-Image-2026-04-29-at-09.18.13-1280x960.jpeg 1280w, https:\/\/www.caririemacao.com\/1\/wp-content\/uploads\/2026\/04\/WhatsApp-Image-2026-04-29-at-09.18.13-768x576.jpeg 768w, https:\/\/www.caririemacao.com\/1\/wp-content\/uploads\/2026\/04\/WhatsApp-Image-2026-04-29-at-09.18.13-1536x1152.jpeg 1536w, https:\/\/www.caririemacao.com\/1\/wp-content\/uploads\/2026\/04\/WhatsApp-Image-2026-04-29-at-09.18.13.jpeg 1600w\" sizes=\"(max-width: 371px) 100vw, 371px\" \/><\/p>\n<p>A prefeita Jors\u00e2mara Neves destacou a import\u00e2ncia do momento para a cidade. \u201cHoje iniciamos as comemora\u00e7\u00f5es dos 32 anos de emancipa\u00e7\u00e3o pol\u00edtica de Zabel\u00ea com um ato simb\u00f3lico, mas cheio de significado. \u00c9 um momento de celebrar nossa hist\u00f3ria, nossas conquistas e reafirmar o compromisso de seguir trabalhando pelo desenvolvimento do nosso munic\u00edpio\u201d, afirmou.<\/p>\n<p>A programa\u00e7\u00e3o segue ao longo dos pr\u00f3ximos dias com diversas atividades voltadas \u00e0 popula\u00e7\u00e3o.<\/p>\n<p>&nbsp;<\/p>\n<p><strong>CARIRI EM A\u00c7\u00c3O<\/strong><\/p>\n","protected":false},"excerpt":{"rendered":"<p>O munic\u00edpio de Zabel\u00ea deu in\u00edcio, nesta quarta-feira (29), \u00e0 programa\u00e7\u00e3o oficial em comemora\u00e7\u00e3o aos 32 anos de Emancipa\u00e7\u00e3o Pol\u00edtica com a tradicional solenidade de&hellip; <\/p>\n","protected":false},"author":6,"featured_media":313563,"comment_status":"closed","ping_status":"closed","sticky":false,"template":"","format":"standard","meta":{"sfsi_plus_gutenberg_text_before_share":"","sfsi_plus_gutenberg_show_text_before_share":"","sfsi_plus_gutenberg_icon_type":"","sfsi_plus_gutenberg_icon_alignemt":"","sfsi_plus_gutenburg_max_per_row":"","footnotes":""},"categories":[50,2,97],"tags":[],"class_list":["post-313562","post","type-post","status-publish","format-standard","has-post-thumbnail","hentry","category-destaque","category-geral","category-zabele"],"_links":{"self":[{"href":"https:\/\/www.caririemacao.com\/1\/wp-json\/wp\/v2\/posts\/313562","targetHints":{"allow":["GET"]}}],"collection":[{"href":"https:\/\/www.caririemacao.com\/1\/wp-json\/wp\/v2\/posts"}],"about":[{"href":"https:\/\/www.caririemacao.com\/1\/wp-json\/wp\/v2\/types\/post"}],"author":[{"embeddable":true,"href":"https:\/\/www.caririemacao.com\/1\/wp-json\/wp\/v2\/users\/6"}],"replies":[{"embeddable":true,"href":"https:\/\/www.caririemacao.com\/1\/wp-json\/wp\/v2\/comments?post=313562"}],"version-history":[{"count":1,"href":"https:\/\/www.caririemacao.com\/1\/wp-json\/wp\/v2\/posts\/313562\/revisions"}],"predecessor-version":[{"id":313565,"href":"https:\/\/www.caririemacao.com\/1\/wp-json\/wp\/v2\/posts\/313562\/revisions\/313565"}],"wp:featuredmedia":[{"embeddable":true,"href":"https:\/\/www.caririemacao.com\/1\/wp-json\/wp\/v2\/media\/313563"}],"wp:attachment":[{"href":"https:\/\/www.caririemacao.com\/1\/wp-json\/wp\/v2\/media?parent=313562"}],"wp:term":[{"taxonomy":"category","embeddable":true,"href":"https:\/\/www.caririemacao.com\/1\/wp-json\/wp\/v2\/categories?post=313562"},{"taxonomy":"post_tag","embeddable":true,"href":"https:\/\/www.caririemacao.com\/1\/wp-json\/wp\/v2\/tags?post=313562"}],"curies":[{"name":"wp","href":"https:\/\/api.w.org\/{rel}","templated":true}]}}