{"id":313566,"date":"2026-04-29T12:04:34","date_gmt":"2026-04-29T15:04:34","guid":{"rendered":"https:\/\/www.caririemacao.com\/1\/?p=313566"},"modified":"2026-04-29T12:04:34","modified_gmt":"2026-04-29T15:04:34","slug":"confira-a-programacao-do-sao-joao-de-monteiro-2026","status":"publish","type":"post","link":"https:\/\/www.caririemacao.com\/1\/2026\/04\/29\/confira-a-programacao-do-sao-joao-de-monteiro-2026\/","title":{"rendered":"Confira a programa\u00e7\u00e3o do S\u00e3o Jo\u00e3o de Monteiro 2026"},"content":{"rendered":"<p>A Prefeitura de Monteiro divulgou nesta quarta-feira (29) a programa\u00e7\u00e3o oficial do S\u00e3o Jo\u00e3o de Monteiro 2026, um dos festejos juninos mais tradicionais do Cariri paraibano.<\/p>\n<p>A expectativa \u00e9 de que milhares de pessoas participem da festa, que contar\u00e1 com estrutura de palco, seguran\u00e7a refor\u00e7ada e organiza\u00e7\u00e3o para garantir conforto ao p\u00fablico.<\/p>\n<p>O S\u00e3o Jo\u00e3o de Monteiro \u00e9 reconhecido por manter vivas as tradi\u00e7\u00f5es juninas, com apresenta\u00e7\u00f5es culturais, quadrilhas e muito forr\u00f3 p\u00e9 de serra.<\/p>\n<p><strong>Confira a programa\u00e7\u00e3o do palco principal:<\/strong><\/p>\n<p><strong>Dia 24 de junho:<\/strong><\/p>\n<p>Forr\u00f3 do Momento<br \/>\nMarcelo Paiva<br \/>\nLuciene Melo<br \/>\nXandy Avi\u00e3o<\/p>\n<p><strong>Dia 25 de junho:<\/strong><\/p>\n<p>Adriano Silva<br \/>\nJuarez<br \/>\nMichele Andrade<\/p>\n<p><strong>Dia 26 de junho:<\/strong><\/p>\n<p>Forr\u00f3 + Eu<br \/>\nToca do Vale<br \/>\nJonas Esticado<\/p>\n<p><strong>Dia 27 de junho:<\/strong><\/p>\n<p>Banda Imagem<br \/>\nWalkyria Santos<br \/>\nLim\u00e3o com Mel<\/p>\n<p><strong>Dia 28 de junho:<\/strong><\/p>\n<p>Noda de Caju<br \/>\nFabiana Souto<br \/>\nPablo<\/p>\n<p><strong>De 19 a 28 de junho muito forr\u00f3 p\u00e9 de serra no S\u00edtio S\u00e3o Francisco.<\/strong><\/p>\n<div class=\"wp-block-image\">\n<figure class=\"aligncenter\"><img decoding=\"async\" class=\"wp-image-102535 lazyload\" data-src=\"https:\/\/i1.wp.com\/www.caririligado.com.br\/wp-content\/uploads\/2026\/04\/Screenshot_20260429_115350_Instagram.jpg?resize=845%2C1024&amp;quality=90&amp;strip=all&amp;ssl=1\" alt=\"\" src=\"data:image\/svg+xml;base64,PHN2ZyB3aWR0aD0iMSIgaGVpZ2h0PSIxIiB4bWxucz0iaHR0cDovL3d3dy53My5vcmcvMjAwMC9zdmciPjwvc3ZnPg==\" \/><\/figure>\n<\/div>\n","protected":false},"excerpt":{"rendered":"<p>A Prefeitura de Monteiro divulgou nesta quarta-feira (29) a programa\u00e7\u00e3o oficial do S\u00e3o Jo\u00e3o de Monteiro 2026, um dos festejos juninos mais tradicionais do Cariri&hellip; <\/p>\n","protected":false},"author":6,"featured_media":313567,"comment_status":"closed","ping_status":"closed","sticky":false,"template":"","format":"standard","meta":{"sfsi_plus_gutenberg_text_before_share":"","sfsi_plus_gutenberg_show_text_before_share":"","sfsi_plus_gutenberg_icon_type":"","sfsi_plus_gutenberg_icon_alignemt":"","sfsi_plus_gutenburg_max_per_row":"","footnotes":""},"categories":[50,2,81],"tags":[],"class_list":["post-313566","post","type-post","status-publish","format-standard","has-post-thumbnail","hentry","category-destaque","category-geral","category-monteiro"],"_links":{"self":[{"href":"https:\/\/www.caririemacao.com\/1\/wp-json\/wp\/v2\/posts\/313566","targetHints":{"allow":["GET"]}}],"collection":[{"href":"https:\/\/www.caririemacao.com\/1\/wp-json\/wp\/v2\/posts"}],"about":[{"href":"https:\/\/www.caririemacao.com\/1\/wp-json\/wp\/v2\/types\/post"}],"author":[{"embeddable":true,"href":"https:\/\/www.caririemacao.com\/1\/wp-json\/wp\/v2\/users\/6"}],"replies":[{"embeddable":true,"href":"https:\/\/www.caririemacao.com\/1\/wp-json\/wp\/v2\/comments?post=313566"}],"version-history":[{"count":1,"href":"https:\/\/www.caririemacao.com\/1\/wp-json\/wp\/v2\/posts\/313566\/revisions"}],"predecessor-version":[{"id":313568,"href":"https:\/\/www.caririemacao.com\/1\/wp-json\/wp\/v2\/posts\/313566\/revisions\/313568"}],"wp:featuredmedia":[{"embeddable":true,"href":"https:\/\/www.caririemacao.com\/1\/wp-json\/wp\/v2\/media\/313567"}],"wp:attachment":[{"href":"https:\/\/www.caririemacao.com\/1\/wp-json\/wp\/v2\/media?parent=313566"}],"wp:term":[{"taxonomy":"category","embeddable":true,"href":"https:\/\/www.caririemacao.com\/1\/wp-json\/wp\/v2\/categories?post=313566"},{"taxonomy":"post_tag","embeddable":true,"href":"https:\/\/www.caririemacao.com\/1\/wp-json\/wp\/v2\/tags?post=313566"}],"curies":[{"name":"wp","href":"https:\/\/api.w.org\/{rel}","templated":true}]}}