{"id":313569,"date":"2026-04-29T16:48:37","date_gmt":"2026-04-29T19:48:37","guid":{"rendered":"https:\/\/www.caririemacao.com\/1\/?p=313569"},"modified":"2026-04-29T16:48:37","modified_gmt":"2026-04-29T19:48:37","slug":"marcello-paiva-confirma-show-no-sao-joao-de-monteiro-e-celebra-novo-dvd-em-todas-as-plataformas-digitais","status":"publish","type":"post","link":"https:\/\/www.caririemacao.com\/1\/2026\/04\/29\/marcello-paiva-confirma-show-no-sao-joao-de-monteiro-e-celebra-novo-dvd-em-todas-as-plataformas-digitais\/","title":{"rendered":"Marcello Paiva confirma show no S\u00e3o Jo\u00e3o de Monteiro e celebra novo DVD em todas as plataformas digitais"},"content":{"rendered":"<p>O cantor Marcello Paiva \u00e9 uma das atra\u00e7\u00f5es confirmadas do tradicional S\u00e3o Jo\u00e3o de Monteiro, no Cariri paraibano. O artista sobe ao palco no pr\u00f3ximo dia 24 de junho, prometendo um espet\u00e1culo vibrante, cheio de energia e grandes sucessos que marcaram sua trajet\u00f3ria.<\/p>\n<p>Vivendo um momento especial na carreira, Marcello Paiva comemora o lan\u00e7amento do seu novo DVD, j\u00e1 dispon\u00edvel em todas as plataformas digitais. O projeto re\u00fane m\u00fasicas que j\u00e1 s\u00e3o queridas pelo p\u00fablico, al\u00e9m de novidades que v\u00eam ganhando destaque.<\/p>\n<p>O trabalho pode ser ouvido agora no Spotify, Apple Music, YouTube, Deezer, Resso e Amazon Music, levando o forr\u00f3 de Marcello para todo o Brasil e al\u00e9m.<\/p>\n<p>Para o show em Monteiro, a expectativa \u00e9 de uma apresenta\u00e7\u00e3o \u201cpra cima\u201d, com repert\u00f3rio pensado especialmente para o clima junino, misturando romantismo, anima\u00e7\u00e3o e muito forr\u00f3 para n\u00e3o deixar ningu\u00e9m parado. A produ\u00e7\u00e3o promete um espet\u00e1culo envolvente, com estrutura, luzes e uma conex\u00e3o forte com o p\u00fablico.<\/p>\n<p>\u201cEstamos preparando um show especial, cheio de emo\u00e7\u00e3o e alegria. Monteiro e todo o Cariri podem esperar uma noite inesquec\u00edvel\u201d, destaca o cantor.<\/p>\n<p>O convite est\u00e1 feito: toda a regi\u00e3o do Cariri est\u00e1 convocada para viver essa grande festa no dia 24, celebrando o S\u00e3o Jo\u00e3o ao som de Marcello Paiva e seus sucessos.<\/p>\n","protected":false},"excerpt":{"rendered":"<p>O cantor Marcello Paiva \u00e9 uma das atra\u00e7\u00f5es confirmadas do tradicional S\u00e3o Jo\u00e3o de Monteiro, no Cariri paraibano. O artista sobe ao palco no pr\u00f3ximo&hellip; <\/p>\n","protected":false},"author":6,"featured_media":313570,"comment_status":"closed","ping_status":"closed","sticky":false,"template":"","format":"standard","meta":{"sfsi_plus_gutenberg_text_before_share":"","sfsi_plus_gutenberg_show_text_before_share":"","sfsi_plus_gutenberg_icon_type":"","sfsi_plus_gutenberg_icon_alignemt":"","sfsi_plus_gutenburg_max_per_row":"","footnotes":""},"categories":[50,2,81],"tags":[],"class_list":["post-313569","post","type-post","status-publish","format-standard","has-post-thumbnail","hentry","category-destaque","category-geral","category-monteiro"],"_links":{"self":[{"href":"https:\/\/www.caririemacao.com\/1\/wp-json\/wp\/v2\/posts\/313569","targetHints":{"allow":["GET"]}}],"collection":[{"href":"https:\/\/www.caririemacao.com\/1\/wp-json\/wp\/v2\/posts"}],"about":[{"href":"https:\/\/www.caririemacao.com\/1\/wp-json\/wp\/v2\/types\/post"}],"author":[{"embeddable":true,"href":"https:\/\/www.caririemacao.com\/1\/wp-json\/wp\/v2\/users\/6"}],"replies":[{"embeddable":true,"href":"https:\/\/www.caririemacao.com\/1\/wp-json\/wp\/v2\/comments?post=313569"}],"version-history":[{"count":1,"href":"https:\/\/www.caririemacao.com\/1\/wp-json\/wp\/v2\/posts\/313569\/revisions"}],"predecessor-version":[{"id":313571,"href":"https:\/\/www.caririemacao.com\/1\/wp-json\/wp\/v2\/posts\/313569\/revisions\/313571"}],"wp:featuredmedia":[{"embeddable":true,"href":"https:\/\/www.caririemacao.com\/1\/wp-json\/wp\/v2\/media\/313570"}],"wp:attachment":[{"href":"https:\/\/www.caririemacao.com\/1\/wp-json\/wp\/v2\/media?parent=313569"}],"wp:term":[{"taxonomy":"category","embeddable":true,"href":"https:\/\/www.caririemacao.com\/1\/wp-json\/wp\/v2\/categories?post=313569"},{"taxonomy":"post_tag","embeddable":true,"href":"https:\/\/www.caririemacao.com\/1\/wp-json\/wp\/v2\/tags?post=313569"}],"curies":[{"name":"wp","href":"https:\/\/api.w.org\/{rel}","templated":true}]}}