{"id":313572,"date":"2026-04-29T16:50:14","date_gmt":"2026-04-29T19:50:14","guid":{"rendered":"https:\/\/www.caririemacao.com\/1\/?p=313572"},"modified":"2026-04-29T16:50:14","modified_gmt":"2026-04-29T19:50:14","slug":"andre-gomes-tem-100-das-contas-aprovadas-pelo-tce-pb-nos-oito-anos-de-gestao-em-boa-vista","status":"publish","type":"post","link":"https:\/\/www.caririemacao.com\/1\/2026\/04\/29\/andre-gomes-tem-100-das-contas-aprovadas-pelo-tce-pb-nos-oito-anos-de-gestao-em-boa-vista\/","title":{"rendered":"Andr\u00e9 Gomes tem 100% das contas aprovadas pelo TCE-PB nos oito anos de gest\u00e3o em Boa Vista"},"content":{"rendered":"<p>O ex-prefeito de Boa Vista, Andr\u00e9 Gomes, teve aprovadas, nesta manh\u00e3, suas contas de gest\u00e3o referentes ao exerc\u00edcio de 2024, justamente no dia em que o munic\u00edpio celebra 32 anos de emancipa\u00e7\u00e3o pol\u00edtica. Com a decis\u00e3o do Tribunal de Contas do Estado da Para\u00edba (TCE-PB), Andr\u00e9 encerra o ciclo administrativo com 100% das contas aprovadas durante os oito anos em que esteve \u00e0 frente do Executivo Municipal.<\/p>\n<p>Andr\u00e9 destacou o simbolismo do momento e fez quest\u00e3o de reconhecer o trabalho do TCE-PB, que, segundo ele, tem exercido papel cada vez mais educativo, orientador e pr\u00f3ximo das administra\u00e7\u00f5es municipais e da popula\u00e7\u00e3o. \u201cReceber essa aprova\u00e7\u00e3o no dia em que Boa Vista completa 32 anos torna esse momento ainda mais especial. Com as b\u00ean\u00e7\u00e3os de Deus, fechamos um ciclo de responsabilidade e compromisso.<\/p>\n<p>Tamb\u00e9m reconhe\u00e7o o trabalho do TCE-PB, que tem contribu\u00eddo de forma educativa e orientadora para o fortalecimento das gest\u00f5es municipais\u201d, afirmou. O resultado refor\u00e7a uma trajet\u00f3ria marcada por planejamento, zelo com os recursos p\u00fablicos e a\u00e7\u00f5es voltadas \u00e0 melhoria da qualidade de vida da popula\u00e7\u00e3o boavistense. Andr\u00e9 tamb\u00e9m agradeceu aos servidores, secret\u00e1rios, colaboradores e parceiros que contribu\u00edram ao longo dos oito anos de gest\u00e3o.<\/p>\n<p>Recentemente, Andr\u00e9 Gomes licenciou-se do cargo de secret\u00e1rio de Cultura de Campina Grande e confirmou sua pr\u00e9-candidatura a deputado estadual, iniciando uma nova etapa em sua trajet\u00f3ria p\u00fablica. A aprova\u00e7\u00e3o das contas de 2024 encerra formalmente o ciclo de an\u00e1lise de sua gest\u00e3o no munic\u00edpio e refor\u00e7a seu hist\u00f3rico de regularidade administrativa, transpar\u00eancia e compromisso com a boa governan\u00e7a p\u00fablica.<\/p>\n","protected":false},"excerpt":{"rendered":"<p>O ex-prefeito de Boa Vista, Andr\u00e9 Gomes, teve aprovadas, nesta manh\u00e3, suas contas de gest\u00e3o referentes ao exerc\u00edcio de 2024, justamente no dia em que&hellip; <\/p>\n","protected":false},"author":6,"featured_media":313573,"comment_status":"closed","ping_status":"closed","sticky":false,"template":"","format":"standard","meta":{"sfsi_plus_gutenberg_text_before_share":"","sfsi_plus_gutenberg_show_text_before_share":"","sfsi_plus_gutenberg_icon_type":"","sfsi_plus_gutenberg_icon_alignemt":"","sfsi_plus_gutenburg_max_per_row":"","footnotes":""},"categories":[158,50,2],"tags":[],"class_list":["post-313572","post","type-post","status-publish","format-standard","has-post-thumbnail","hentry","category-boa-vista-2","category-destaque","category-geral"],"_links":{"self":[{"href":"https:\/\/www.caririemacao.com\/1\/wp-json\/wp\/v2\/posts\/313572","targetHints":{"allow":["GET"]}}],"collection":[{"href":"https:\/\/www.caririemacao.com\/1\/wp-json\/wp\/v2\/posts"}],"about":[{"href":"https:\/\/www.caririemacao.com\/1\/wp-json\/wp\/v2\/types\/post"}],"author":[{"embeddable":true,"href":"https:\/\/www.caririemacao.com\/1\/wp-json\/wp\/v2\/users\/6"}],"replies":[{"embeddable":true,"href":"https:\/\/www.caririemacao.com\/1\/wp-json\/wp\/v2\/comments?post=313572"}],"version-history":[{"count":1,"href":"https:\/\/www.caririemacao.com\/1\/wp-json\/wp\/v2\/posts\/313572\/revisions"}],"predecessor-version":[{"id":313574,"href":"https:\/\/www.caririemacao.com\/1\/wp-json\/wp\/v2\/posts\/313572\/revisions\/313574"}],"wp:featuredmedia":[{"embeddable":true,"href":"https:\/\/www.caririemacao.com\/1\/wp-json\/wp\/v2\/media\/313573"}],"wp:attachment":[{"href":"https:\/\/www.caririemacao.com\/1\/wp-json\/wp\/v2\/media?parent=313572"}],"wp:term":[{"taxonomy":"category","embeddable":true,"href":"https:\/\/www.caririemacao.com\/1\/wp-json\/wp\/v2\/categories?post=313572"},{"taxonomy":"post_tag","embeddable":true,"href":"https:\/\/www.caririemacao.com\/1\/wp-json\/wp\/v2\/tags?post=313572"}],"curies":[{"name":"wp","href":"https:\/\/api.w.org\/{rel}","templated":true}]}}