{"id":313575,"date":"2026-04-29T16:53:42","date_gmt":"2026-04-29T19:53:42","guid":{"rendered":"https:\/\/www.caririemacao.com\/1\/?p=313575"},"modified":"2026-04-29T16:53:42","modified_gmt":"2026-04-29T19:53:42","slug":"prefeito-nelsinho-honorato-faz-ultimo-convite-para-festa-de-coxixola-e-confirma-horario-do-show-de-safadao-confira","status":"publish","type":"post","link":"https:\/\/www.caririemacao.com\/1\/2026\/04\/29\/prefeito-nelsinho-honorato-faz-ultimo-convite-para-festa-de-coxixola-e-confirma-horario-do-show-de-safadao-confira\/","title":{"rendered":"Prefeito Nelsinho Honorato faz \u00faltimo convite para festa de Coxixola e confirma hor\u00e1rio do show de Safad\u00e3o; confira"},"content":{"rendered":"<p>O prefeito de Coxixola, Nelsinho Honorato, realizou na tarde desta quarta-feira o \u00faltimo convite ao p\u00fablico para a grande festa em comemora\u00e7\u00e3o aos 32 anos do munic\u00edpio.<\/p>\n<p>Diretamente do palco onde acontecer\u00e1 a celebra\u00e7\u00e3o, o gestor refor\u00e7ou que o evento est\u00e1 totalmente confirmado e destacou a expectativa para uma das programa\u00e7\u00f5es mais aguardadas de todo o Cariri paraibano.<\/p>\n<p>Durante a visita, Nelsinho tamb\u00e9m anunciou oficialmente o hor\u00e1rio de um dos shows mais esperados da noite. O cantor Wesley Safad\u00e3o sobe ao palco \u00e0s 23h, prometendo animar o p\u00fablico com um repert\u00f3rio de grandes sucessos.<\/p>\n<p>\u201cEst\u00e1 tudo pronto e preparado com muito carinho para receber nossa popula\u00e7\u00e3o e visitantes. Quero refor\u00e7ar esse convite especial para que todos venham prestigiar essa grande festa\u201d, destacou o prefeito.<\/p>\n<p>A comemora\u00e7\u00e3o dos 32 anos de Coxixola deve reunir um grande p\u00fablico e movimentar a regi\u00e3o, consolidando-se como um dos principais eventos festivos do calend\u00e1rio do Cariri paraibano.<\/p>\n","protected":false},"excerpt":{"rendered":"<p>O prefeito de Coxixola, Nelsinho Honorato, realizou na tarde desta quarta-feira o \u00faltimo convite ao p\u00fablico para a grande festa em comemora\u00e7\u00e3o aos 32 anos&hellip; <\/p>\n","protected":false},"author":6,"featured_media":313576,"comment_status":"closed","ping_status":"closed","sticky":false,"template":"","format":"standard","meta":{"sfsi_plus_gutenberg_text_before_share":"","sfsi_plus_gutenberg_show_text_before_share":"","sfsi_plus_gutenberg_icon_type":"","sfsi_plus_gutenberg_icon_alignemt":"","sfsi_plus_gutenburg_max_per_row":"","footnotes":""},"categories":[75,50,2],"tags":[],"class_list":["post-313575","post","type-post","status-publish","format-standard","has-post-thumbnail","hentry","category-coxixola","category-destaque","category-geral"],"_links":{"self":[{"href":"https:\/\/www.caririemacao.com\/1\/wp-json\/wp\/v2\/posts\/313575","targetHints":{"allow":["GET"]}}],"collection":[{"href":"https:\/\/www.caririemacao.com\/1\/wp-json\/wp\/v2\/posts"}],"about":[{"href":"https:\/\/www.caririemacao.com\/1\/wp-json\/wp\/v2\/types\/post"}],"author":[{"embeddable":true,"href":"https:\/\/www.caririemacao.com\/1\/wp-json\/wp\/v2\/users\/6"}],"replies":[{"embeddable":true,"href":"https:\/\/www.caririemacao.com\/1\/wp-json\/wp\/v2\/comments?post=313575"}],"version-history":[{"count":1,"href":"https:\/\/www.caririemacao.com\/1\/wp-json\/wp\/v2\/posts\/313575\/revisions"}],"predecessor-version":[{"id":313577,"href":"https:\/\/www.caririemacao.com\/1\/wp-json\/wp\/v2\/posts\/313575\/revisions\/313577"}],"wp:featuredmedia":[{"embeddable":true,"href":"https:\/\/www.caririemacao.com\/1\/wp-json\/wp\/v2\/media\/313576"}],"wp:attachment":[{"href":"https:\/\/www.caririemacao.com\/1\/wp-json\/wp\/v2\/media?parent=313575"}],"wp:term":[{"taxonomy":"category","embeddable":true,"href":"https:\/\/www.caririemacao.com\/1\/wp-json\/wp\/v2\/categories?post=313575"},{"taxonomy":"post_tag","embeddable":true,"href":"https:\/\/www.caririemacao.com\/1\/wp-json\/wp\/v2\/tags?post=313575"}],"curies":[{"name":"wp","href":"https:\/\/api.w.org\/{rel}","templated":true}]}}