{"id":313582,"date":"2026-04-29T21:17:10","date_gmt":"2026-04-30T00:17:10","guid":{"rendered":"https:\/\/www.caririemacao.com\/1\/?p=313582"},"modified":"2026-04-29T21:17:10","modified_gmt":"2026-04-30T00:17:10","slug":"saiba-como-votaram-os-senadores-da-paraiba-na-indicacao-de-jorge-messias-ao-stf","status":"publish","type":"post","link":"https:\/\/www.caririemacao.com\/1\/2026\/04\/29\/saiba-como-votaram-os-senadores-da-paraiba-na-indicacao-de-jorge-messias-ao-stf\/","title":{"rendered":"Saiba como votaram os senadores da Para\u00edba na indica\u00e7\u00e3o de Jorge Messias ao STF"},"content":{"rendered":"<p>O Senado Federal rejeitou, nesta quarta-feira (29), a indica\u00e7\u00e3o de Jorge Messias para o Supremo Tribunal Federal (STF). O nome, apoiado pelo governo do presidente Lula, recebeu 42 votos contr\u00e1rios e 34 favor\u00e1veis, placar abaixo dos 41 necess\u00e1rios para aprova\u00e7\u00e3o.<\/p>\n<p>O resultado marca um fato in\u00e9dito. \u00c9 a primeira vez que um indicado ao STF n\u00e3o consegue aval do Senado.<\/p>\n<h2 class=\"wp-block-heading\">Como votou a bancada da Para\u00edba<\/h2>\n<p>A reportagem\u00a0apurou que a bancada da Para\u00edba no Senado ficou dividida.<\/p>\n<p>Como j\u00e1 havia sinalizado publicamente, o senador Veneziano (MDB), aliado do governo, votou a favor da indica\u00e7\u00e3o.<\/p>\n<p>J\u00e1 o senador Efraim Filho (PL), que vem se aproximando do eleitorado bolsonarista, votou contra o nome indicado por Lula.<\/p>\n<p>A senadora Daniella Ribeiro (PP), por sua vez, optou por n\u00e3o revelar o voto. Por meio da assessoria, informou que decidiu manter a posi\u00e7\u00e3o em sigilo, mesmo ap\u00f3s o resultado da vota\u00e7\u00e3o.<\/p>\n<h2 class=\"wp-block-heading\">Daniella vive \u2018sinuca de bico\u2019<\/h2>\n<p>Nos bastidores, Daniella vive um cen\u00e1rio delicado. O grupo pol\u00edtico da senadora tenta se aproximar do PT de olho no projeto de reelei\u00e7\u00e3o do filho, Lucas Ribeiro (PP), ao Governo da Para\u00edba. Ao mesmo tempo, mant\u00e9m rela\u00e7\u00e3o pr\u00f3xima com o presidente do Senado, Davi Alcolumbre (Uni\u00e3o Brasil-AP), que se posicionou contra a indica\u00e7\u00e3o de Jorge Messias.<\/p>\n<p>A \u2018sinuca de bico\u2019 pode se tornar um ingrediente no processo encabe\u00e7ado pelo senador Veneziano para conquistar apoio de Lula ao grupo oposicionista para as elei\u00e7\u00f5es deste ano, que tem o nome do ex-prefeito C\u00edcero Lucena como pr\u00e9-candidato ao governo.<\/p>\n<p>&nbsp;<\/p>\n<p><em>Com Jornal da Para\u00edba<\/em><\/p>\n","protected":false},"excerpt":{"rendered":"<p>O Senado Federal rejeitou, nesta quarta-feira (29), a indica\u00e7\u00e3o de Jorge Messias para o Supremo Tribunal Federal (STF). O nome, apoiado pelo governo do presidente&hellip; <\/p>\n","protected":false},"author":6,"featured_media":313583,"comment_status":"closed","ping_status":"closed","sticky":false,"template":"","format":"standard","meta":{"sfsi_plus_gutenberg_text_before_share":"","sfsi_plus_gutenberg_show_text_before_share":"","sfsi_plus_gutenberg_icon_type":"","sfsi_plus_gutenberg_icon_alignemt":"","sfsi_plus_gutenburg_max_per_row":"","footnotes":""},"categories":[50,2,104,11],"tags":[],"class_list":["post-313582","post","type-post","status-publish","format-standard","has-post-thumbnail","hentry","category-destaque","category-geral","category-paraiba","category-politica"],"_links":{"self":[{"href":"https:\/\/www.caririemacao.com\/1\/wp-json\/wp\/v2\/posts\/313582","targetHints":{"allow":["GET"]}}],"collection":[{"href":"https:\/\/www.caririemacao.com\/1\/wp-json\/wp\/v2\/posts"}],"about":[{"href":"https:\/\/www.caririemacao.com\/1\/wp-json\/wp\/v2\/types\/post"}],"author":[{"embeddable":true,"href":"https:\/\/www.caririemacao.com\/1\/wp-json\/wp\/v2\/users\/6"}],"replies":[{"embeddable":true,"href":"https:\/\/www.caririemacao.com\/1\/wp-json\/wp\/v2\/comments?post=313582"}],"version-history":[{"count":1,"href":"https:\/\/www.caririemacao.com\/1\/wp-json\/wp\/v2\/posts\/313582\/revisions"}],"predecessor-version":[{"id":313584,"href":"https:\/\/www.caririemacao.com\/1\/wp-json\/wp\/v2\/posts\/313582\/revisions\/313584"}],"wp:featuredmedia":[{"embeddable":true,"href":"https:\/\/www.caririemacao.com\/1\/wp-json\/wp\/v2\/media\/313583"}],"wp:attachment":[{"href":"https:\/\/www.caririemacao.com\/1\/wp-json\/wp\/v2\/media?parent=313582"}],"wp:term":[{"taxonomy":"category","embeddable":true,"href":"https:\/\/www.caririemacao.com\/1\/wp-json\/wp\/v2\/categories?post=313582"},{"taxonomy":"post_tag","embeddable":true,"href":"https:\/\/www.caririemacao.com\/1\/wp-json\/wp\/v2\/tags?post=313582"}],"curies":[{"name":"wp","href":"https:\/\/api.w.org\/{rel}","templated":true}]}}