{"id":313586,"date":"2026-04-30T07:57:39","date_gmt":"2026-04-30T10:57:39","guid":{"rendered":"https:\/\/www.caririemacao.com\/1\/?p=313586"},"modified":"2026-04-30T08:01:03","modified_gmt":"2026-04-30T11:01:03","slug":"prefeito-nelsinho-honorato-comemora-sucesso-da-festa-dos-32-anos-de-coxixola-com-grande-publico","status":"publish","type":"post","link":"https:\/\/www.caririemacao.com\/1\/2026\/04\/30\/prefeito-nelsinho-honorato-comemora-sucesso-da-festa-dos-32-anos-de-coxixola-com-grande-publico\/","title":{"rendered":"Prefeito Nelsinho Honorato comemora sucesso da festa dos 32 anos de Coxixola com grande p\u00fablico"},"content":{"rendered":"<p data-start=\"92\" data-end=\"333\">A festa em comemora\u00e7\u00e3o aos 32 anos de emancipa\u00e7\u00e3o pol\u00edtica de Coxixola foi realizada na noite da \u00faltima quarta-feira (30) e reuniu uma verdadeira multid\u00e3o no munic\u00edpio, consolidando o evento como um dos maiores da regi\u00e3o do Cariri paraibano.<\/p>\n<p data-start=\"335\" data-end=\"662\">Com uma programa\u00e7\u00e3o que teve como grande destaque o cantor <span class=\"hover:entity-accent entity-underline inline cursor-pointer align-baseline\"><span class=\"whitespace-normal\">Wesley Safad\u00e3o<\/span><\/span>, a festividade atraiu moradores e visitantes de diversas cidades, movimentando a economia local e fortalecendo o calend\u00e1rio cultural do munic\u00edpio. Tamb\u00e9m se apresentaram Jap\u00e3ozinho, Fabiano Guimar\u00e3es e o artista da terra Gilsinho.<\/p>\n<p data-start=\"335\" data-end=\"662\"><img fetchpriority=\"high\" decoding=\"async\" class=\" wp-image-313588 aligncenter\" src=\"https:\/\/www.caririemacao.com\/1\/wp-content\/uploads\/2026\/04\/WhatsApp-Image-2026-04-30-at-00.41.16-300x169.jpeg\" alt=\"\" width=\"405\" height=\"228\" srcset=\"https:\/\/www.caririemacao.com\/1\/wp-content\/uploads\/2026\/04\/WhatsApp-Image-2026-04-30-at-00.41.16-300x169.jpeg 300w, https:\/\/www.caririemacao.com\/1\/wp-content\/uploads\/2026\/04\/WhatsApp-Image-2026-04-30-at-00.41.16-768x433.jpeg 768w, https:\/\/www.caririemacao.com\/1\/wp-content\/uploads\/2026\/04\/WhatsApp-Image-2026-04-30-at-00.41.16.jpeg 1280w\" sizes=\"(max-width: 405px) 100vw, 405px\" \/><\/p>\n<p data-start=\"664\" data-end=\"911\">O evento contou com uma grande estrutura de palco, som e ilumina\u00e7\u00e3o, al\u00e9m de um forte esquema de seguran\u00e7a, garantindo tranquilidade ao p\u00fablico presente. A opera\u00e7\u00e3o envolveu o apoio da Pol\u00edcia Militar, Corpo de Bombeiros, Samu e seguran\u00e7a privada.<\/p>\n<p data-start=\"913\" data-end=\"1312\">O prefeito <span class=\"hover:entity-accent entity-underline inline cursor-pointer align-baseline\"><span class=\"whitespace-normal\">Nelsinho Honorato<\/span><\/span> celebrou o sucesso da festa e destacou a import\u00e2ncia da participa\u00e7\u00e3o popular. \u201cFoi uma noite hist\u00f3rica para Coxixola. Ver nossa cidade cheia, com o povo participando e se divertindo com seguran\u00e7a, \u00e9 motivo de muita alegria. Agrade\u00e7o a todos que vieram prestigiar esse momento t\u00e3o especial e a toda equipe envolvida na organiza\u00e7\u00e3o do evento\u201d, afirmou.<\/p>\n<p data-start=\"913\" data-end=\"1312\"><strong>CARIRI EM A\u00c7\u00c3O<\/strong><\/p>\n","protected":false},"excerpt":{"rendered":"<p>A festa em comemora\u00e7\u00e3o aos 32 anos de emancipa\u00e7\u00e3o pol\u00edtica de Coxixola foi realizada na noite da \u00faltima quarta-feira (30) e reuniu uma verdadeira multid\u00e3o&hellip; <\/p>\n","protected":false},"author":6,"featured_media":313590,"comment_status":"closed","ping_status":"closed","sticky":false,"template":"","format":"standard","meta":{"sfsi_plus_gutenberg_text_before_share":"","sfsi_plus_gutenberg_show_text_before_share":"","sfsi_plus_gutenberg_icon_type":"","sfsi_plus_gutenberg_icon_alignemt":"","sfsi_plus_gutenburg_max_per_row":"","footnotes":""},"categories":[75,50,2],"tags":[],"class_list":["post-313586","post","type-post","status-publish","format-standard","has-post-thumbnail","hentry","category-coxixola","category-destaque","category-geral"],"_links":{"self":[{"href":"https:\/\/www.caririemacao.com\/1\/wp-json\/wp\/v2\/posts\/313586","targetHints":{"allow":["GET"]}}],"collection":[{"href":"https:\/\/www.caririemacao.com\/1\/wp-json\/wp\/v2\/posts"}],"about":[{"href":"https:\/\/www.caririemacao.com\/1\/wp-json\/wp\/v2\/types\/post"}],"author":[{"embeddable":true,"href":"https:\/\/www.caririemacao.com\/1\/wp-json\/wp\/v2\/users\/6"}],"replies":[{"embeddable":true,"href":"https:\/\/www.caririemacao.com\/1\/wp-json\/wp\/v2\/comments?post=313586"}],"version-history":[{"count":3,"href":"https:\/\/www.caririemacao.com\/1\/wp-json\/wp\/v2\/posts\/313586\/revisions"}],"predecessor-version":[{"id":313592,"href":"https:\/\/www.caririemacao.com\/1\/wp-json\/wp\/v2\/posts\/313586\/revisions\/313592"}],"wp:featuredmedia":[{"embeddable":true,"href":"https:\/\/www.caririemacao.com\/1\/wp-json\/wp\/v2\/media\/313590"}],"wp:attachment":[{"href":"https:\/\/www.caririemacao.com\/1\/wp-json\/wp\/v2\/media?parent=313586"}],"wp:term":[{"taxonomy":"category","embeddable":true,"href":"https:\/\/www.caririemacao.com\/1\/wp-json\/wp\/v2\/categories?post=313586"},{"taxonomy":"post_tag","embeddable":true,"href":"https:\/\/www.caririemacao.com\/1\/wp-json\/wp\/v2\/tags?post=313586"}],"curies":[{"name":"wp","href":"https:\/\/api.w.org\/{rel}","templated":true}]}}