{"id":313593,"date":"2026-04-30T09:03:25","date_gmt":"2026-04-30T12:03:25","guid":{"rendered":"https:\/\/www.caririemacao.com\/1\/?p=313593"},"modified":"2026-04-30T09:03:25","modified_gmt":"2026-04-30T12:03:25","slug":"presidente-da-fecam-pb-participa-do-terceiro-dia-da-marcha-dos-gestores-e-legislativos-municipais-em-brasilia","status":"publish","type":"post","link":"https:\/\/www.caririemacao.com\/1\/2026\/04\/30\/presidente-da-fecam-pb-participa-do-terceiro-dia-da-marcha-dos-gestores-e-legislativos-municipais-em-brasilia\/","title":{"rendered":"Presidente da FECAM-PB participa do terceiro dia da Marcha dos Gestores e Legislativos Municipais em Bras\u00edlia"},"content":{"rendered":"<p data-start=\"115\" data-end=\"478\">O presidente da Federa\u00e7\u00e3o das C\u00e2maras Municipais da Para\u00edba (FECAM-PB), <span class=\"hover:entity-accent entity-underline inline cursor-pointer align-baseline\"><span class=\"whitespace-normal\">F\u00e9lix J\u00fanior<\/span><\/span>, segue participando da Marcha dos Gestores e Legislativos Municipais, em Bras\u00edlia (DF), e marcou presen\u00e7a no terceiro dia de programa\u00e7\u00e3o do evento, considerado um dos maiores encontros voltados ao fortalecimento do Poder Legislativo Municipal no Brasil.<\/p>\n<p data-start=\"480\" data-end=\"735\">Durante as atividades, o parlamentar acompanhou debates, palestras e reuni\u00f5es com lideran\u00e7as pol\u00edticas de todo o pa\u00eds, discutindo temas importantes como o fortalecimento do municipalismo, capta\u00e7\u00e3o de recursos e melhorias na atua\u00e7\u00e3o das C\u00e2maras Municipais.<\/p>\n<p data-start=\"737\" data-end=\"1010\">Ao longo da programa\u00e7\u00e3o, F\u00e9lix J\u00fanior tamb\u00e9m refor\u00e7ou o di\u00e1logo institucional com representantes nacionais, incluindo o presidente da Uni\u00e3o dos Vereadores do Brasil (UVB), <span class=\"hover:entity-accent entity-underline inline cursor-pointer align-baseline\"><span class=\"whitespace-normal\">Gilson Conzatti<\/span><\/span>, ampliando as articula\u00e7\u00f5es em defesa dos munic\u00edpios paraibanos.<\/p>\n<p data-start=\"1012\" data-end=\"1542\">Em balan\u00e7o sobre a participa\u00e7\u00e3o no evento, o presidente da FECAM-PB destacou o aprendizado adquirido e a import\u00e2ncia da troca de experi\u00eancias.<\/p>\n<p data-start=\"1012\" data-end=\"1542\">\u201cEstamos vivendo dias muito produtivos aqui em Bras\u00edlia, com muito aprendizado e troca de experi\u00eancias com vereadores de todo o Brasil. Esse terceiro dia refor\u00e7a ainda mais a import\u00e2ncia da Marcha para o fortalecimento do Legislativo municipal. Sa\u00edmos daqui mais preparados para levar conhecimento, novas ideias e contribuir ainda mais com o desenvolvimento das nossas cidades\u201d, afirmou.<\/p>\n<p data-start=\"1544\" data-end=\"1728\" data-is-last-node=\"\" data-is-only-node=\"\">O Cariri em A\u00e7\u00e3o segue acompanhando a participa\u00e7\u00e3o das lideran\u00e7as durante a Marcha, destacando os principais momentos e debates que envolvem representantes de diversas regi\u00f5es do pa\u00eds.<\/p>\n<p data-start=\"1544\" data-end=\"1728\" data-is-last-node=\"\" data-is-only-node=\"\">\n<p data-start=\"1544\" data-end=\"1728\" data-is-last-node=\"\" data-is-only-node=\"\"><strong>CARIRI EM A\u00c7\u00c3O<\/strong><\/p>\n","protected":false},"excerpt":{"rendered":"<p>O presidente da Federa\u00e7\u00e3o das C\u00e2maras Municipais da Para\u00edba (FECAM-PB), F\u00e9lix J\u00fanior, segue participando da Marcha dos Gestores e Legislativos Municipais, em Bras\u00edlia (DF), e&hellip; <\/p>\n","protected":false},"author":6,"featured_media":313594,"comment_status":"closed","ping_status":"closed","sticky":false,"template":"","format":"standard","meta":{"sfsi_plus_gutenberg_text_before_share":"","sfsi_plus_gutenberg_show_text_before_share":"","sfsi_plus_gutenberg_icon_type":"","sfsi_plus_gutenberg_icon_alignemt":"","sfsi_plus_gutenburg_max_per_row":"","footnotes":""},"categories":[50,2,104],"tags":[],"class_list":["post-313593","post","type-post","status-publish","format-standard","has-post-thumbnail","hentry","category-destaque","category-geral","category-paraiba"],"_links":{"self":[{"href":"https:\/\/www.caririemacao.com\/1\/wp-json\/wp\/v2\/posts\/313593","targetHints":{"allow":["GET"]}}],"collection":[{"href":"https:\/\/www.caririemacao.com\/1\/wp-json\/wp\/v2\/posts"}],"about":[{"href":"https:\/\/www.caririemacao.com\/1\/wp-json\/wp\/v2\/types\/post"}],"author":[{"embeddable":true,"href":"https:\/\/www.caririemacao.com\/1\/wp-json\/wp\/v2\/users\/6"}],"replies":[{"embeddable":true,"href":"https:\/\/www.caririemacao.com\/1\/wp-json\/wp\/v2\/comments?post=313593"}],"version-history":[{"count":1,"href":"https:\/\/www.caririemacao.com\/1\/wp-json\/wp\/v2\/posts\/313593\/revisions"}],"predecessor-version":[{"id":313595,"href":"https:\/\/www.caririemacao.com\/1\/wp-json\/wp\/v2\/posts\/313593\/revisions\/313595"}],"wp:featuredmedia":[{"embeddable":true,"href":"https:\/\/www.caririemacao.com\/1\/wp-json\/wp\/v2\/media\/313594"}],"wp:attachment":[{"href":"https:\/\/www.caririemacao.com\/1\/wp-json\/wp\/v2\/media?parent=313593"}],"wp:term":[{"taxonomy":"category","embeddable":true,"href":"https:\/\/www.caririemacao.com\/1\/wp-json\/wp\/v2\/categories?post=313593"},{"taxonomy":"post_tag","embeddable":true,"href":"https:\/\/www.caririemacao.com\/1\/wp-json\/wp\/v2\/tags?post=313593"}],"curies":[{"name":"wp","href":"https:\/\/api.w.org\/{rel}","templated":true}]}}