{"id":313596,"date":"2026-04-30T09:08:40","date_gmt":"2026-04-30T12:08:40","guid":{"rendered":"https:\/\/www.caririemacao.com\/1\/?p=313596"},"modified":"2026-04-30T09:08:40","modified_gmt":"2026-04-30T12:08:40","slug":"presidente-da-camara-de-baia-da-traicao-pb-cumpre-agenda-no-terceiro-dia-da-marcha-em-brasilia","status":"publish","type":"post","link":"https:\/\/www.caririemacao.com\/1\/2026\/04\/30\/presidente-da-camara-de-baia-da-traicao-pb-cumpre-agenda-no-terceiro-dia-da-marcha-em-brasilia\/","title":{"rendered":"Presidente da C\u00e2mara de Ba\u00eda da Trai\u00e7\u00e3o\/PB cumpre agenda no terceiro dia da Marcha em Bras\u00edlia"},"content":{"rendered":"<p data-start=\"135\" data-end=\"425\">O presidente da C\u00e2mara Municipal de Ba\u00eda da Trai\u00e7\u00e3o\/PB, <span class=\"hover:entity-accent entity-underline inline cursor-pointer align-baseline\"><span class=\"whitespace-normal\">Ronaldo<\/span><\/span>, est\u00e1 participando da Marcha dos Gestores e Legislativos Municipais, em Bras\u00edlia (DF), e marcou presen\u00e7a no terceiro dia de programa\u00e7\u00e3o do evento, que re\u00fane vereadores e lideran\u00e7as de todo o pa\u00eds.<\/p>\n<p data-start=\"427\" data-end=\"706\">Durante a agenda, o parlamentar acompanhou palestras, debates e pain\u00e9is que abordam temas relevantes como processo legislativo, pol\u00edticas p\u00fablicas, comunica\u00e7\u00e3o institucional e inova\u00e7\u00e3o na gest\u00e3o p\u00fablica, refor\u00e7ando a busca por qualifica\u00e7\u00e3o e aprimoramento da atua\u00e7\u00e3o parlamentar.<\/p>\n<p data-start=\"708\" data-end=\"857\">O Cariri em A\u00e7\u00e3o acompanha a participa\u00e7\u00e3o dos representantes municipais ao longo da Marcha, destacando os principais momentos e discuss\u00f5es do evento.<\/p>\n<p data-start=\"859\" data-end=\"1319\">Em fala durante a programa\u00e7\u00e3o, o presidente Ronaldo ressaltou a import\u00e2ncia da participa\u00e7\u00e3o no encontro nacional e fez um balan\u00e7o das atividades.<\/p>\n<p data-start=\"859\" data-end=\"1319\">\u201cEsse terceiro dia foi de muito aprendizado e troca de experi\u00eancias. A Marcha \u00e9 um espa\u00e7o fundamental para que possamos nos capacitar, fortalecer nosso mandato e trazer novas ideias para Ba\u00eda da Trai\u00e7\u00e3o. Estamos aqui com responsabilidade, buscando sempre melhorias e oportunidades para a nossa popula\u00e7\u00e3o\u201d, afirmou.<\/p>\n<p data-start=\"1321\" data-end=\"1537\" data-is-last-node=\"\" data-is-only-node=\"\">A Marcha segue sendo um importante espa\u00e7o de capacita\u00e7\u00e3o e articula\u00e7\u00e3o institucional, contribuindo diretamente para o fortalecimento do Poder Legislativo Municipal e para o desenvolvimento dos munic\u00edpios brasileiros.<\/p>\n<p data-start=\"1321\" data-end=\"1537\" data-is-last-node=\"\" data-is-only-node=\"\">\n<p data-start=\"1321\" data-end=\"1537\" data-is-last-node=\"\" data-is-only-node=\"\"><strong>CARIRI EM A\u00c7\u00c3O<\/strong><\/p>\n","protected":false},"excerpt":{"rendered":"<p>O presidente da C\u00e2mara Municipal de Ba\u00eda da Trai\u00e7\u00e3o\/PB, Ronaldo, est\u00e1 participando da Marcha dos Gestores e Legislativos Municipais, em Bras\u00edlia (DF), e marcou presen\u00e7a&hellip; <\/p>\n","protected":false},"author":6,"featured_media":313597,"comment_status":"closed","ping_status":"closed","sticky":false,"template":"","format":"standard","meta":{"sfsi_plus_gutenberg_text_before_share":"","sfsi_plus_gutenberg_show_text_before_share":"","sfsi_plus_gutenberg_icon_type":"","sfsi_plus_gutenberg_icon_alignemt":"","sfsi_plus_gutenburg_max_per_row":"","footnotes":""},"categories":[50,2,104],"tags":[],"class_list":["post-313596","post","type-post","status-publish","format-standard","has-post-thumbnail","hentry","category-destaque","category-geral","category-paraiba"],"_links":{"self":[{"href":"https:\/\/www.caririemacao.com\/1\/wp-json\/wp\/v2\/posts\/313596","targetHints":{"allow":["GET"]}}],"collection":[{"href":"https:\/\/www.caririemacao.com\/1\/wp-json\/wp\/v2\/posts"}],"about":[{"href":"https:\/\/www.caririemacao.com\/1\/wp-json\/wp\/v2\/types\/post"}],"author":[{"embeddable":true,"href":"https:\/\/www.caririemacao.com\/1\/wp-json\/wp\/v2\/users\/6"}],"replies":[{"embeddable":true,"href":"https:\/\/www.caririemacao.com\/1\/wp-json\/wp\/v2\/comments?post=313596"}],"version-history":[{"count":1,"href":"https:\/\/www.caririemacao.com\/1\/wp-json\/wp\/v2\/posts\/313596\/revisions"}],"predecessor-version":[{"id":313598,"href":"https:\/\/www.caririemacao.com\/1\/wp-json\/wp\/v2\/posts\/313596\/revisions\/313598"}],"wp:featuredmedia":[{"embeddable":true,"href":"https:\/\/www.caririemacao.com\/1\/wp-json\/wp\/v2\/media\/313597"}],"wp:attachment":[{"href":"https:\/\/www.caririemacao.com\/1\/wp-json\/wp\/v2\/media?parent=313596"}],"wp:term":[{"taxonomy":"category","embeddable":true,"href":"https:\/\/www.caririemacao.com\/1\/wp-json\/wp\/v2\/categories?post=313596"},{"taxonomy":"post_tag","embeddable":true,"href":"https:\/\/www.caririemacao.com\/1\/wp-json\/wp\/v2\/tags?post=313596"}],"curies":[{"name":"wp","href":"https:\/\/api.w.org\/{rel}","templated":true}]}}