{"id":313599,"date":"2026-04-30T09:15:47","date_gmt":"2026-04-30T12:15:47","guid":{"rendered":"https:\/\/www.caririemacao.com\/1\/?p=313599"},"modified":"2026-04-30T09:15:56","modified_gmt":"2026-04-30T12:15:56","slug":"vereadores-de-boa-vista-pb-participam-do-terceiro-dia-da-marcha-dos-vereadores-em-brasilia","status":"publish","type":"post","link":"https:\/\/www.caririemacao.com\/1\/2026\/04\/30\/vereadores-de-boa-vista-pb-participam-do-terceiro-dia-da-marcha-dos-vereadores-em-brasilia\/","title":{"rendered":"Vereadores de Boa Vista\/PB participam do terceiro dia da Marcha dos Vereadores em Bras\u00edlia"},"content":{"rendered":"<p data-start=\"96\" data-end=\"356\">Os vereadores do munic\u00edpio de Boa Vista\/PB seguem participando da Marcha dos Vereadores, em Bras\u00edlia (DF), e marcaram presen\u00e7a no terceiro dia de programa\u00e7\u00e3o do evento, que re\u00fane parlamentares de todo o pa\u00eds em busca do fortalecimento do Legislativo municipal.<\/p>\n<p data-start=\"358\" data-end=\"542\">Participaram da comitiva os vereadores Fred Almeida, Fl\u00e1vio Soares, Ny Aranha, Wellington Ricardo, Dami\u00e3o, Humberto Pereira e Ewerson Marinho, que tamb\u00e9m exerce a fun\u00e7\u00e3o de tesoureiro.<\/p>\n<p data-start=\"544\" data-end=\"782\">Durante a programa\u00e7\u00e3o, os parlamentares acompanharam debates, palestras e encontros com representantes pol\u00edticos, discutindo temas importantes como desenvolvimento municipal, capta\u00e7\u00e3o de recursos e fortalecimento das c\u00e2maras legislativas.<\/p>\n<p data-start=\"784\" data-end=\"991\">A participa\u00e7\u00e3o no evento refor\u00e7a o compromisso dos vereadores com a busca por melhorias para Boa Vista, al\u00e9m de proporcionar troca de experi\u00eancias e amplia\u00e7\u00e3o de conhecimentos voltados \u00e0 atua\u00e7\u00e3o parlamentar.<\/p>\n<p data-start=\"993\" data-end=\"1435\" data-is-last-node=\"\" data-is-only-node=\"\">A presen\u00e7a dos parlamentares na Marcha tamb\u00e9m contou com o apoio da C\u00e2mara Municipal, por meio do presidente <span class=\"hover:entity-accent entity-underline inline cursor-pointer align-baseline\"><span class=\"whitespace-normal\">Zeninho Vitorino<\/span><\/span>, que viabilizou a participa\u00e7\u00e3o da comitiva e incentivou a qualifica\u00e7\u00e3o dos vereadores por meio das capacita\u00e7\u00f5es oferecidas durante o evento. Segundo ele, investir na forma\u00e7\u00e3o dos parlamentares \u00e9 essencial para garantir uma atua\u00e7\u00e3o cada vez mais eficiente e alinhada \u00e0s necessidades da popula\u00e7\u00e3o.<\/p>\n<p data-start=\"993\" data-end=\"1435\" data-is-last-node=\"\" data-is-only-node=\"\">\n<p data-start=\"993\" data-end=\"1435\" data-is-last-node=\"\" data-is-only-node=\"\"><strong>CARIRI EM A\u00c7\u00c3O<\/strong><\/p>\n","protected":false},"excerpt":{"rendered":"<p>Os vereadores do munic\u00edpio de Boa Vista\/PB seguem participando da Marcha dos Vereadores, em Bras\u00edlia (DF), e marcaram presen\u00e7a no terceiro dia de programa\u00e7\u00e3o do&hellip; <\/p>\n","protected":false},"author":6,"featured_media":313601,"comment_status":"closed","ping_status":"closed","sticky":false,"template":"","format":"standard","meta":{"sfsi_plus_gutenberg_text_before_share":"","sfsi_plus_gutenberg_show_text_before_share":"","sfsi_plus_gutenberg_icon_type":"","sfsi_plus_gutenberg_icon_alignemt":"","sfsi_plus_gutenburg_max_per_row":"","footnotes":""},"categories":[158,50,2,104],"tags":[],"class_list":["post-313599","post","type-post","status-publish","format-standard","has-post-thumbnail","hentry","category-boa-vista-2","category-destaque","category-geral","category-paraiba"],"_links":{"self":[{"href":"https:\/\/www.caririemacao.com\/1\/wp-json\/wp\/v2\/posts\/313599","targetHints":{"allow":["GET"]}}],"collection":[{"href":"https:\/\/www.caririemacao.com\/1\/wp-json\/wp\/v2\/posts"}],"about":[{"href":"https:\/\/www.caririemacao.com\/1\/wp-json\/wp\/v2\/types\/post"}],"author":[{"embeddable":true,"href":"https:\/\/www.caririemacao.com\/1\/wp-json\/wp\/v2\/users\/6"}],"replies":[{"embeddable":true,"href":"https:\/\/www.caririemacao.com\/1\/wp-json\/wp\/v2\/comments?post=313599"}],"version-history":[{"count":1,"href":"https:\/\/www.caririemacao.com\/1\/wp-json\/wp\/v2\/posts\/313599\/revisions"}],"predecessor-version":[{"id":313602,"href":"https:\/\/www.caririemacao.com\/1\/wp-json\/wp\/v2\/posts\/313599\/revisions\/313602"}],"wp:featuredmedia":[{"embeddable":true,"href":"https:\/\/www.caririemacao.com\/1\/wp-json\/wp\/v2\/media\/313601"}],"wp:attachment":[{"href":"https:\/\/www.caririemacao.com\/1\/wp-json\/wp\/v2\/media?parent=313599"}],"wp:term":[{"taxonomy":"category","embeddable":true,"href":"https:\/\/www.caririemacao.com\/1\/wp-json\/wp\/v2\/categories?post=313599"},{"taxonomy":"post_tag","embeddable":true,"href":"https:\/\/www.caririemacao.com\/1\/wp-json\/wp\/v2\/tags?post=313599"}],"curies":[{"name":"wp","href":"https:\/\/api.w.org\/{rel}","templated":true}]}}