{"id":313603,"date":"2026-04-30T14:26:14","date_gmt":"2026-04-30T17:26:14","guid":{"rendered":"https:\/\/www.caririemacao.com\/1\/?p=313603"},"modified":"2026-04-30T14:26:14","modified_gmt":"2026-04-30T17:26:14","slug":"vereadores-de-remigio-pb-participam-da-marcha-dos-gestores-e-legislativos-municipais-em-brasilia","status":"publish","type":"post","link":"https:\/\/www.caririemacao.com\/1\/2026\/04\/30\/vereadores-de-remigio-pb-participam-da-marcha-dos-gestores-e-legislativos-municipais-em-brasilia\/","title":{"rendered":"Vereadores de Rem\u00edgio\/PB participam da Marcha dos Gestores e Legislativos Municipais em Bras\u00edlia"},"content":{"rendered":"<p data-start=\"99\" data-end=\"302\">A C\u00e2mara Municipal de Rem\u00edgio\/PB marcou presen\u00e7a na Marcha dos Gestores e Legislativos Municipais, realizada em Bras\u00edlia (DF), um dos maiores eventos voltados ao fortalecimento do Poder Legislativo no pa\u00eds.<\/p>\n<p data-start=\"304\" data-end=\"592\">Participaram da programa\u00e7\u00e3o o presidente da Casa, <span class=\"hover:entity-accent entity-underline inline cursor-pointer align-baseline\"><span class=\"whitespace-normal\">Nando<\/span><\/span>, ao lado dos vereadores <span class=\"hover:entity-accent entity-underline inline cursor-pointer align-baseline\"><span class=\"whitespace-normal\">Edu Gon\u00e7alves<\/span><\/span> e <span class=\"hover:entity-accent entity-underline inline cursor-pointer align-baseline\"><span class=\"whitespace-normal\">Ronny Dhayson<\/span><\/span>, que acompanharam palestras, debates e encontros com representantes de diversas regi\u00f5es do Brasil.<\/p>\n<p data-start=\"594\" data-end=\"830\">A participa\u00e7\u00e3o refor\u00e7a o compromisso da C\u00e2mara de Rem\u00edgio com a qualifica\u00e7\u00e3o dos parlamentares e a busca por melhorias para a popula\u00e7\u00e3o, por meio da troca de experi\u00eancias e do acesso a novos conhecimentos voltados \u00e0 atua\u00e7\u00e3o legislativa.<\/p>\n<p data-start=\"832\" data-end=\"1292\">O presidente Nando destacou a import\u00e2ncia da presen\u00e7a no evento e o impacto positivo para o munic\u00edpio.<\/p>\n<p data-start=\"832\" data-end=\"1292\">\u201cPrimeiramente, agradecer a Deus por mais uma oportunidade de estarmos aqui, pelo segundo ano consecutivo. Essa participa\u00e7\u00e3o \u00e9 fundamental para fortalecer o Legislativo da nossa cidade. N\u00e3o viemos apenas para registros ou entrevistas, mas para adquirir conhecimento, trocar experi\u00eancias e construir ideias que possam ser levadas para o nosso povo\u201d, afirmou.<\/p>\n<p data-start=\"1294\" data-end=\"1772\">Ainda segundo o parlamentar, o contato com vereadores de todo o Brasil amplia a vis\u00e3o sobre a atua\u00e7\u00e3o pol\u00edtica e contribui diretamente para o desenvolvimento local.<\/p>\n<p data-start=\"1294\" data-end=\"1772\">\u201cA gente sai da zona de conforto, conhece realidades diferentes e cria conex\u00f5es importantes. N\u00f3s, vereadores, estamos na linha de frente, em contato direto com a popula\u00e7\u00e3o, entendendo suas necessidades. Esse aprendizado aqui em Bras\u00edlia nos d\u00e1 mais for\u00e7a para buscar solu\u00e7\u00f5es e melhorias para Rem\u00edgio\u201d, completou.<\/p>\n<p data-start=\"1774\" data-end=\"2122\">Nando tamb\u00e9m destacou a uni\u00e3o entre os parlamentares como fator essencial para o fortalecimento da pol\u00edtica municipal.<\/p>\n<p data-start=\"1774\" data-end=\"2122\">\u201cQuando h\u00e1 uni\u00e3o, conseguimos avan\u00e7ar mais. Nosso objetivo \u00e9 sempre o bem-estar da popula\u00e7\u00e3o, principalmente daqueles que mais precisam. E \u00e9 com esse pensamento que seguimos trabalhando e nos capacitando cada vez mais\u201d, concluiu.<\/p>\n<p data-start=\"2124\" data-end=\"2329\" data-is-last-node=\"\" data-is-only-node=\"\">A Marcha segue como um importante espa\u00e7o de valoriza\u00e7\u00e3o dos vereadores e de fortalecimento do municipalismo, contribuindo diretamente para o aprimoramento das a\u00e7\u00f5es legislativas nos munic\u00edpios brasileiros.<\/p>\n<p data-start=\"2124\" data-end=\"2329\" data-is-last-node=\"\" data-is-only-node=\"\">\n<p data-start=\"2124\" data-end=\"2329\" data-is-last-node=\"\" data-is-only-node=\"\"><strong>CARIRI EM A\u00c7\u00c3O<\/strong><\/p>\n","protected":false},"excerpt":{"rendered":"<p>A C\u00e2mara Municipal de Rem\u00edgio\/PB marcou presen\u00e7a na Marcha dos Gestores e Legislativos Municipais, realizada em Bras\u00edlia (DF), um dos maiores eventos voltados ao fortalecimento&hellip; <\/p>\n","protected":false},"author":6,"featured_media":313604,"comment_status":"closed","ping_status":"closed","sticky":false,"template":"","format":"standard","meta":{"sfsi_plus_gutenberg_text_before_share":"","sfsi_plus_gutenberg_show_text_before_share":"","sfsi_plus_gutenberg_icon_type":"","sfsi_plus_gutenberg_icon_alignemt":"","sfsi_plus_gutenburg_max_per_row":"","footnotes":""},"categories":[50,2,104],"tags":[],"class_list":["post-313603","post","type-post","status-publish","format-standard","has-post-thumbnail","hentry","category-destaque","category-geral","category-paraiba"],"_links":{"self":[{"href":"https:\/\/www.caririemacao.com\/1\/wp-json\/wp\/v2\/posts\/313603","targetHints":{"allow":["GET"]}}],"collection":[{"href":"https:\/\/www.caririemacao.com\/1\/wp-json\/wp\/v2\/posts"}],"about":[{"href":"https:\/\/www.caririemacao.com\/1\/wp-json\/wp\/v2\/types\/post"}],"author":[{"embeddable":true,"href":"https:\/\/www.caririemacao.com\/1\/wp-json\/wp\/v2\/users\/6"}],"replies":[{"embeddable":true,"href":"https:\/\/www.caririemacao.com\/1\/wp-json\/wp\/v2\/comments?post=313603"}],"version-history":[{"count":1,"href":"https:\/\/www.caririemacao.com\/1\/wp-json\/wp\/v2\/posts\/313603\/revisions"}],"predecessor-version":[{"id":313605,"href":"https:\/\/www.caririemacao.com\/1\/wp-json\/wp\/v2\/posts\/313603\/revisions\/313605"}],"wp:featuredmedia":[{"embeddable":true,"href":"https:\/\/www.caririemacao.com\/1\/wp-json\/wp\/v2\/media\/313604"}],"wp:attachment":[{"href":"https:\/\/www.caririemacao.com\/1\/wp-json\/wp\/v2\/media?parent=313603"}],"wp:term":[{"taxonomy":"category","embeddable":true,"href":"https:\/\/www.caririemacao.com\/1\/wp-json\/wp\/v2\/categories?post=313603"},{"taxonomy":"post_tag","embeddable":true,"href":"https:\/\/www.caririemacao.com\/1\/wp-json\/wp\/v2\/tags?post=313603"}],"curies":[{"name":"wp","href":"https:\/\/api.w.org\/{rel}","templated":true}]}}