{"id":313606,"date":"2026-04-30T14:34:50","date_gmt":"2026-04-30T17:34:50","guid":{"rendered":"https:\/\/www.caririemacao.com\/1\/?p=313606"},"modified":"2026-04-30T14:34:50","modified_gmt":"2026-04-30T17:34:50","slug":"amparo-celebra-32-anos-de-emancipacao-politica-com-programacao-festiva-e-shows-musicais","status":"publish","type":"post","link":"https:\/\/www.caririemacao.com\/1\/2026\/04\/30\/amparo-celebra-32-anos-de-emancipacao-politica-com-programacao-festiva-e-shows-musicais\/","title":{"rendered":"Amparo celebra 32 anos de emancipa\u00e7\u00e3o pol\u00edtica com programa\u00e7\u00e3o festiva e shows musicais"},"content":{"rendered":"<p data-start=\"93\" data-end=\"254\">O munic\u00edpio de Amparo comemorou em grande estilo os 32 anos de Emancipa\u00e7\u00e3o Pol\u00edtica com uma programa\u00e7\u00e3o especial marcada por shows musicais e celebra\u00e7\u00e3o popular.<\/p>\n<p data-start=\"256\" data-end=\"396\">Subiram ao palco as atra\u00e7\u00f5es Ilane Santos, Espora de Ouro e Gamad\u00f5es do Forr\u00f3, animando a noite e garantindo muita m\u00fasica para os presentes.<\/p>\n<p data-start=\"256\" data-end=\"396\"><img fetchpriority=\"high\" decoding=\"async\" class=\" wp-image-313608 aligncenter\" src=\"https:\/\/www.caririemacao.com\/1\/wp-content\/uploads\/2026\/04\/WhatsApp-Image-2026-04-30-at-14.27.20-1-300x166.jpeg\" alt=\"\" width=\"445\" height=\"246\" srcset=\"https:\/\/www.caririemacao.com\/1\/wp-content\/uploads\/2026\/04\/WhatsApp-Image-2026-04-30-at-14.27.20-1-300x166.jpeg 300w, https:\/\/www.caririemacao.com\/1\/wp-content\/uploads\/2026\/04\/WhatsApp-Image-2026-04-30-at-14.27.20-1-768x425.jpeg 768w, https:\/\/www.caririemacao.com\/1\/wp-content\/uploads\/2026\/04\/WhatsApp-Image-2026-04-30-at-14.27.20-1.jpeg 1170w\" sizes=\"(max-width: 445px) 100vw, 445px\" \/><\/p>\n<p data-start=\"398\" data-end=\"565\">O evento contou com um esquema de seguran\u00e7a refor\u00e7ado, com atua\u00e7\u00e3o da Pol\u00edcia Militar, Corpo de Bombeiros e Samu, assegurando tranquilidade durante toda a programa\u00e7\u00e3o.<\/p>\n<p data-start=\"567\" data-end=\"970\" data-is-last-node=\"\" data-is-only-node=\"\">O prefeito <span class=\"hover:entity-accent entity-underline inline cursor-pointer align-baseline\"><span class=\"whitespace-normal\">Tarcio Gabriel<\/span><\/span> destacou a import\u00e2ncia da celebra\u00e7\u00e3o para o munic\u00edpio. \u201c\u00c9 uma alegria muito grande comemorar os 32 anos de Amparo ao lado do nosso povo. Preparamos essa festa com muito carinho, pensando em valorizar nossa cultura e proporcionar um momento especial para todos. Seguimos trabalhando com compromisso para fazer nossa cidade crescer cada vez mais\u201d, afirmou.<\/p>\n<p data-start=\"567\" data-end=\"970\" data-is-last-node=\"\" data-is-only-node=\"\"><strong>CARIRI EM A\u00c7\u00c3O<\/strong><\/p>\n","protected":false},"excerpt":{"rendered":"<p>O munic\u00edpio de Amparo comemorou em grande estilo os 32 anos de Emancipa\u00e7\u00e3o Pol\u00edtica com uma programa\u00e7\u00e3o especial marcada por shows musicais e celebra\u00e7\u00e3o popular.&hellip; <\/p>\n","protected":false},"author":6,"featured_media":313607,"comment_status":"closed","ping_status":"closed","sticky":false,"template":"","format":"standard","meta":{"sfsi_plus_gutenberg_text_before_share":"","sfsi_plus_gutenberg_show_text_before_share":"","sfsi_plus_gutenberg_icon_type":"","sfsi_plus_gutenberg_icon_alignemt":"","sfsi_plus_gutenburg_max_per_row":"","footnotes":""},"categories":[68,50,2],"tags":[],"class_list":["post-313606","post","type-post","status-publish","format-standard","has-post-thumbnail","hentry","category-amparo","category-destaque","category-geral"],"_links":{"self":[{"href":"https:\/\/www.caririemacao.com\/1\/wp-json\/wp\/v2\/posts\/313606","targetHints":{"allow":["GET"]}}],"collection":[{"href":"https:\/\/www.caririemacao.com\/1\/wp-json\/wp\/v2\/posts"}],"about":[{"href":"https:\/\/www.caririemacao.com\/1\/wp-json\/wp\/v2\/types\/post"}],"author":[{"embeddable":true,"href":"https:\/\/www.caririemacao.com\/1\/wp-json\/wp\/v2\/users\/6"}],"replies":[{"embeddable":true,"href":"https:\/\/www.caririemacao.com\/1\/wp-json\/wp\/v2\/comments?post=313606"}],"version-history":[{"count":2,"href":"https:\/\/www.caririemacao.com\/1\/wp-json\/wp\/v2\/posts\/313606\/revisions"}],"predecessor-version":[{"id":313610,"href":"https:\/\/www.caririemacao.com\/1\/wp-json\/wp\/v2\/posts\/313606\/revisions\/313610"}],"wp:featuredmedia":[{"embeddable":true,"href":"https:\/\/www.caririemacao.com\/1\/wp-json\/wp\/v2\/media\/313607"}],"wp:attachment":[{"href":"https:\/\/www.caririemacao.com\/1\/wp-json\/wp\/v2\/media?parent=313606"}],"wp:term":[{"taxonomy":"category","embeddable":true,"href":"https:\/\/www.caririemacao.com\/1\/wp-json\/wp\/v2\/categories?post=313606"},{"taxonomy":"post_tag","embeddable":true,"href":"https:\/\/www.caririemacao.com\/1\/wp-json\/wp\/v2\/tags?post=313606"}],"curies":[{"name":"wp","href":"https:\/\/api.w.org\/{rel}","templated":true}]}}