{"id":313611,"date":"2026-04-30T14:38:05","date_gmt":"2026-04-30T17:38:05","guid":{"rendered":"https:\/\/www.caririemacao.com\/1\/?p=313611"},"modified":"2026-04-30T14:38:05","modified_gmt":"2026-04-30T17:38:05","slug":"nesta-quinta-feira-zabele-divulga-line-up-da-festa-de-emancipacao-politica","status":"publish","type":"post","link":"https:\/\/www.caririemacao.com\/1\/2026\/04\/30\/nesta-quinta-feira-zabele-divulga-line-up-da-festa-de-emancipacao-politica\/","title":{"rendered":"Nesta quinta-feira: Zabel\u00ea divulga line-up da festa de emancipa\u00e7\u00e3o pol\u00edtica"},"content":{"rendered":"<p data-start=\"104\" data-end=\"309\">A Prefeitura de Zabel\u00ea anunciou o line-up oficial da festa em comemora\u00e7\u00e3o aos 32 anos de Emancipa\u00e7\u00e3o Pol\u00edtica do munic\u00edpio, que ser\u00e1 realizada no dia 30 de abril, com uma programa\u00e7\u00e3o musical diversificada.<\/p>\n<p data-start=\"311\" data-end=\"564\">De acordo com a organiza\u00e7\u00e3o, os shows ter\u00e3o in\u00edcio \u00e0s 21h, com apresenta\u00e7\u00e3o de Laerte Lins. \u00c0s 23h, sobe ao palco Brasas do Forr\u00f3, levando muito ritmo para o p\u00fablico. Encerrando a programa\u00e7\u00e3o, \u00e0s 1h da manh\u00e3, o cantor Leandro Pinga Fogo comanda a festa.<\/p>\n<p data-start=\"566\" data-end=\"712\">O evento promete reunir moradores e visitantes em uma noite de celebra\u00e7\u00e3o, valorizando a cultura e fortalecendo o calend\u00e1rio festivo do munic\u00edpio.<\/p>\n<p data-start=\"714\" data-end=\"1062\">A prefeita <span class=\"hover:entity-accent entity-underline inline cursor-pointer align-baseline\"><span class=\"whitespace-normal\">Jors\u00e2mara Neves<\/span><\/span> destacou a import\u00e2ncia da comemora\u00e7\u00e3o para a cidade. \u201cPreparamos uma programa\u00e7\u00e3o especial com muito carinho para celebrar os 32 anos de Zabel\u00ea. \u00c9 um momento de alegria, de encontro da nossa popula\u00e7\u00e3o e de valoriza\u00e7\u00e3o da nossa cultura. Convidamos todos para participarem dessa grande festa\u201d, afirmou.<\/p>\n<p data-start=\"714\" data-end=\"1062\">\n<p data-start=\"714\" data-end=\"1062\"><strong>CARIRI EM A\u00c7\u00c3O<\/strong><\/p>\n","protected":false},"excerpt":{"rendered":"<p>A Prefeitura de Zabel\u00ea anunciou o line-up oficial da festa em comemora\u00e7\u00e3o aos 32 anos de Emancipa\u00e7\u00e3o Pol\u00edtica do munic\u00edpio, que ser\u00e1 realizada no dia&hellip; <\/p>\n","protected":false},"author":6,"featured_media":313612,"comment_status":"closed","ping_status":"closed","sticky":false,"template":"","format":"standard","meta":{"sfsi_plus_gutenberg_text_before_share":"","sfsi_plus_gutenberg_show_text_before_share":"","sfsi_plus_gutenberg_icon_type":"","sfsi_plus_gutenberg_icon_alignemt":"","sfsi_plus_gutenburg_max_per_row":"","footnotes":""},"categories":[50,2,97],"tags":[],"class_list":["post-313611","post","type-post","status-publish","format-standard","has-post-thumbnail","hentry","category-destaque","category-geral","category-zabele"],"_links":{"self":[{"href":"https:\/\/www.caririemacao.com\/1\/wp-json\/wp\/v2\/posts\/313611","targetHints":{"allow":["GET"]}}],"collection":[{"href":"https:\/\/www.caririemacao.com\/1\/wp-json\/wp\/v2\/posts"}],"about":[{"href":"https:\/\/www.caririemacao.com\/1\/wp-json\/wp\/v2\/types\/post"}],"author":[{"embeddable":true,"href":"https:\/\/www.caririemacao.com\/1\/wp-json\/wp\/v2\/users\/6"}],"replies":[{"embeddable":true,"href":"https:\/\/www.caririemacao.com\/1\/wp-json\/wp\/v2\/comments?post=313611"}],"version-history":[{"count":1,"href":"https:\/\/www.caririemacao.com\/1\/wp-json\/wp\/v2\/posts\/313611\/revisions"}],"predecessor-version":[{"id":313613,"href":"https:\/\/www.caririemacao.com\/1\/wp-json\/wp\/v2\/posts\/313611\/revisions\/313613"}],"wp:featuredmedia":[{"embeddable":true,"href":"https:\/\/www.caririemacao.com\/1\/wp-json\/wp\/v2\/media\/313612"}],"wp:attachment":[{"href":"https:\/\/www.caririemacao.com\/1\/wp-json\/wp\/v2\/media?parent=313611"}],"wp:term":[{"taxonomy":"category","embeddable":true,"href":"https:\/\/www.caririemacao.com\/1\/wp-json\/wp\/v2\/categories?post=313611"},{"taxonomy":"post_tag","embeddable":true,"href":"https:\/\/www.caririemacao.com\/1\/wp-json\/wp\/v2\/tags?post=313611"}],"curies":[{"name":"wp","href":"https:\/\/api.w.org\/{rel}","templated":true}]}}