{"id":313614,"date":"2026-04-30T23:19:25","date_gmt":"2026-05-01T02:19:25","guid":{"rendered":"https:\/\/www.caririemacao.com\/1\/?p=313614"},"modified":"2026-04-30T23:21:54","modified_gmt":"2026-05-01T02:21:54","slug":"vereadores-de-gurjao-cumprem-agenda-em-brasilia-e-garantem-recursos-para-o-municipio","status":"publish","type":"post","link":"https:\/\/www.caririemacao.com\/1\/2026\/04\/30\/vereadores-de-gurjao-cumprem-agenda-em-brasilia-e-garantem-recursos-para-o-municipio\/","title":{"rendered":"Vereadores de Gurj\u00e3o cumprem agenda em Bras\u00edlia e garantem recursos para o munic\u00edpio"},"content":{"rendered":"<p data-start=\"90\" data-end=\"444\">Durante agenda em Bras\u00edlia, os vereadores de Gurj\u00e3o, <span class=\"hover:entity-accent entity-underline inline cursor-pointer align-baseline\"><span class=\"whitespace-normal\">Thalis Morais<\/span><\/span>, o presidente da C\u00e2mara <span class=\"hover:entity-accent entity-underline inline cursor-pointer align-baseline\"><span class=\"whitespace-normal\">Edivaldo Morais<\/span><\/span> e o vereador <span class=\"hover:entity-accent entity-underline inline cursor-pointer align-baseline\"><span class=\"whitespace-normal\">Ronaldo de Meira<\/span><\/span>, realizaram visitas institucionais aos gabinetes dos deputados federais <span class=\"hover:entity-accent entity-underline inline cursor-pointer align-baseline\"><span class=\"whitespace-normal\">Gerv\u00e1sio Maia<\/span><\/span> e <span class=\"hover:entity-accent entity-underline inline cursor-pointer align-baseline\"><span class=\"whitespace-normal\">Romero Rodrigues<\/span><\/span>.<\/p>\n<p data-start=\"446\" data-end=\"670\">No gabinete de Gerv\u00e1sio Maia, os parlamentares protocolaram uma s\u00e9rie de solicita\u00e7\u00f5es em benef\u00edcio do munic\u00edpio. O deputado se comprometeu a analisar os pleitos e viabilizar a\u00e7\u00f5es que possam atender \u00e0s demandas apresentadas.<\/p>\n<p data-start=\"672\" data-end=\"845\">J\u00e1 no encontro com Romero Rodrigues, foi anunciada a destina\u00e7\u00e3o de uma emenda no valor de R$ 200 mil para a aquisi\u00e7\u00e3o de um ve\u00edculo, refor\u00e7ando os investimentos para Gurj\u00e3o.<\/p>\n<p data-start=\"847\" data-end=\"1161\">Os vereadores destacaram a import\u00e2ncia da agenda na capital federal. \u201cEssa visita a Bras\u00edlia \u00e9 fundamental para buscarmos recursos e apresentar as demandas do nosso munic\u00edpio. Estamos trabalhando unidos, dialogando com nossos representantes para garantir melhorias concretas para a popula\u00e7\u00e3o de Gurj\u00e3o\u201d, afirmaram.<\/p>\n<p data-start=\"847\" data-end=\"1161\"><strong>CARIRI EM A\u00c7\u00c3O<\/strong><\/p>\n","protected":false},"excerpt":{"rendered":"<p>Durante agenda em Bras\u00edlia, os vereadores de Gurj\u00e3o, Thalis Morais, o presidente da C\u00e2mara Edivaldo Morais e o vereador Ronaldo de Meira, realizaram visitas institucionais&hellip; <\/p>\n","protected":false},"author":6,"featured_media":313619,"comment_status":"closed","ping_status":"closed","sticky":false,"template":"","format":"standard","meta":{"sfsi_plus_gutenberg_text_before_share":"","sfsi_plus_gutenberg_show_text_before_share":"","sfsi_plus_gutenberg_icon_type":"","sfsi_plus_gutenberg_icon_alignemt":"","sfsi_plus_gutenburg_max_per_row":"","footnotes":""},"categories":[50,2,77],"tags":[],"class_list":["post-313614","post","type-post","status-publish","format-standard","has-post-thumbnail","hentry","category-destaque","category-geral","category-gurjao"],"_links":{"self":[{"href":"https:\/\/www.caririemacao.com\/1\/wp-json\/wp\/v2\/posts\/313614","targetHints":{"allow":["GET"]}}],"collection":[{"href":"https:\/\/www.caririemacao.com\/1\/wp-json\/wp\/v2\/posts"}],"about":[{"href":"https:\/\/www.caririemacao.com\/1\/wp-json\/wp\/v2\/types\/post"}],"author":[{"embeddable":true,"href":"https:\/\/www.caririemacao.com\/1\/wp-json\/wp\/v2\/users\/6"}],"replies":[{"embeddable":true,"href":"https:\/\/www.caririemacao.com\/1\/wp-json\/wp\/v2\/comments?post=313614"}],"version-history":[{"count":2,"href":"https:\/\/www.caririemacao.com\/1\/wp-json\/wp\/v2\/posts\/313614\/revisions"}],"predecessor-version":[{"id":313617,"href":"https:\/\/www.caririemacao.com\/1\/wp-json\/wp\/v2\/posts\/313614\/revisions\/313617"}],"wp:featuredmedia":[{"embeddable":true,"href":"https:\/\/www.caririemacao.com\/1\/wp-json\/wp\/v2\/media\/313619"}],"wp:attachment":[{"href":"https:\/\/www.caririemacao.com\/1\/wp-json\/wp\/v2\/media?parent=313614"}],"wp:term":[{"taxonomy":"category","embeddable":true,"href":"https:\/\/www.caririemacao.com\/1\/wp-json\/wp\/v2\/categories?post=313614"},{"taxonomy":"post_tag","embeddable":true,"href":"https:\/\/www.caririemacao.com\/1\/wp-json\/wp\/v2\/tags?post=313614"}],"curies":[{"name":"wp","href":"https:\/\/api.w.org\/{rel}","templated":true}]}}