{"id":313623,"date":"2026-05-01T11:52:04","date_gmt":"2026-05-01T14:52:04","guid":{"rendered":"https:\/\/www.caririemacao.com\/1\/?p=313623"},"modified":"2026-05-01T11:52:04","modified_gmt":"2026-05-01T14:52:04","slug":"bolsonaro-e-internado-para-cirurgia-no-ombro-em-brasilia","status":"publish","type":"post","link":"https:\/\/www.caririemacao.com\/1\/2026\/05\/01\/bolsonaro-e-internado-para-cirurgia-no-ombro-em-brasilia\/","title":{"rendered":"Bolsonaro \u00e9 internado para cirurgia no ombro em Bras\u00edlia"},"content":{"rendered":"<div class=\"header-noticia full-width\">\n<div class=\"linha-fina-noticia\" style=\"text-align: center;\"><em><strong>Procedimento deve durar tr\u00eas horas<\/strong><\/em><\/div>\n<div><\/div>\n<\/div>\n<div>\n<p><strong>O ex-presidente Jair Bolsonaro foi internado na manh\u00e3 desta sexta-feira (1\u00ba) no hospital DF Star, em Bras\u00edlia, para passar por uma cirurgia no ombro.<\/strong>\u00a0O procedimento, para tratar uma les\u00e3o no manguito rotador direito, deve durar tr\u00eas horas.<img decoding=\"async\" data-src=\"https:\/\/agenciabrasil.ebc.com.br\/ebc.png?id=1688066&amp;o=node\" src=\"data:image\/svg+xml;base64,PHN2ZyB3aWR0aD0iMSIgaGVpZ2h0PSIxIiB4bWxucz0iaHR0cDovL3d3dy53My5vcmcvMjAwMC9zdmciPjwvc3ZnPg==\" class=\"lazyload\" \/><img decoding=\"async\" data-src=\"https:\/\/agenciabrasil.ebc.com.br\/ebc.gif?id=1688066&amp;o=node\" src=\"data:image\/svg+xml;base64,PHN2ZyB3aWR0aD0iMSIgaGVpZ2h0PSIxIiB4bWxucz0iaHR0cDovL3d3dy53My5vcmcvMjAwMC9zdmciPjwvc3ZnPg==\" class=\"lazyload\" \/><\/p>\n<p>H\u00e1 uma semana, o procurador-geral da Rep\u00fablica, Paulo Gonet, enviou ao Supremo Tribunal Federal (STF)\u00a0parecer favor\u00e1vel\u00a0ao pedido do ex-presidente Jair Bolsonaro para deixar a pris\u00e3o domiciliar e fazer uma cirurgia no ombro.<\/p>\n<p><strong>A\u00a0<a href=\"https:\/\/portal.stf.jus.br\/processos\/detalhe.asp?incidente=7447709\" target=\"_blank\" rel=\"noopener\">autoriza\u00e7\u00e3o foi concedida<\/a>\u00a0pelo\u00a0ministro do STF Alexandre de Moraes \u2013 respons\u00e1vel pela execu\u00e7\u00e3o penal do ex-presidente.<\/strong><\/p>\n<p>Na manh\u00e3 desta sexta-feira, a ex-primeira-dama, Michelle Bolsonaro, publicou em sua rede social, que, de acordo com o m\u00e9dico ortopedista que acompanha o ex-presidente,\u00a0<strong>ser\u00e3o cerca de duas horas de prepara\u00e7\u00e3o para o procedimento \u2013 quando ser\u00e1 colocado um cateter de medica\u00e7\u00e3o \u2013 mais tr\u00eas horas para realiza\u00e7\u00e3o da cirurgia.<\/strong><\/p>\n<h2>Pris\u00e3o domiciliar<\/h2>\n<p>Por decis\u00e3o do ministro Alexandre de Moraes, de 24 de mar\u00e7o, Bolsonaro est\u00e1 em pris\u00e3o domiciliar humanit\u00e1ria, ap\u00f3s deixar o mesmo hospital privado da capital federal, onde esteve internado para tratar um quadro de pneumonia bacteriana.<\/p>\n<p>O ex-presidente\u00a0foi condenado\u00a0pela Primeira Turma do Supremo Tribunal Federal (STF), em setembro de 2025, a 27 anos e 3 meses de pris\u00e3o na a\u00e7\u00e3o penal da trama golpista.<\/p>\n<p>Antes da decis\u00e3o que autorizou a pris\u00e3o domiciliar, Bolsonaro cumpria pena no 19\u00b0 Batalh\u00e3o da Pol\u00edcia Militar, no Complexo Penitenci\u00e1rio da Papuda, no Distrito Federal. O local \u00e9 conhecido como Papudinha.<\/p>\n<p>FONTE: Ag\u00eancia Brasil<\/p>\n<\/div>\n<div class=\"subheader\">\n<div class=\"container-autoria\" style=\"text-align: center;\"><\/div>\n<\/div>\n","protected":false},"excerpt":{"rendered":"<p>Procedimento deve durar tr\u00eas horas O ex-presidente Jair Bolsonaro foi internado na manh\u00e3 desta sexta-feira (1\u00ba) no hospital DF Star, em Bras\u00edlia, para passar por&hellip; <\/p>\n","protected":false},"author":6,"featured_media":313624,"comment_status":"closed","ping_status":"closed","sticky":false,"template":"","format":"standard","meta":{"sfsi_plus_gutenberg_text_before_share":"","sfsi_plus_gutenberg_show_text_before_share":"","sfsi_plus_gutenberg_icon_type":"","sfsi_plus_gutenberg_icon_alignemt":"","sfsi_plus_gutenburg_max_per_row":"","footnotes":""},"categories":[50,16],"tags":[],"class_list":["post-313623","post","type-post","status-publish","format-standard","has-post-thumbnail","hentry","category-destaque","category-saude"],"_links":{"self":[{"href":"https:\/\/www.caririemacao.com\/1\/wp-json\/wp\/v2\/posts\/313623","targetHints":{"allow":["GET"]}}],"collection":[{"href":"https:\/\/www.caririemacao.com\/1\/wp-json\/wp\/v2\/posts"}],"about":[{"href":"https:\/\/www.caririemacao.com\/1\/wp-json\/wp\/v2\/types\/post"}],"author":[{"embeddable":true,"href":"https:\/\/www.caririemacao.com\/1\/wp-json\/wp\/v2\/users\/6"}],"replies":[{"embeddable":true,"href":"https:\/\/www.caririemacao.com\/1\/wp-json\/wp\/v2\/comments?post=313623"}],"version-history":[{"count":1,"href":"https:\/\/www.caririemacao.com\/1\/wp-json\/wp\/v2\/posts\/313623\/revisions"}],"predecessor-version":[{"id":313625,"href":"https:\/\/www.caririemacao.com\/1\/wp-json\/wp\/v2\/posts\/313623\/revisions\/313625"}],"wp:featuredmedia":[{"embeddable":true,"href":"https:\/\/www.caririemacao.com\/1\/wp-json\/wp\/v2\/media\/313624"}],"wp:attachment":[{"href":"https:\/\/www.caririemacao.com\/1\/wp-json\/wp\/v2\/media?parent=313623"}],"wp:term":[{"taxonomy":"category","embeddable":true,"href":"https:\/\/www.caririemacao.com\/1\/wp-json\/wp\/v2\/categories?post=313623"},{"taxonomy":"post_tag","embeddable":true,"href":"https:\/\/www.caririemacao.com\/1\/wp-json\/wp\/v2\/tags?post=313623"}],"curies":[{"name":"wp","href":"https:\/\/api.w.org\/{rel}","templated":true}]}}