{"id":313629,"date":"2026-05-01T11:58:47","date_gmt":"2026-05-01T14:58:47","guid":{"rendered":"https:\/\/www.caririemacao.com\/1\/?p=313629"},"modified":"2026-05-01T11:58:47","modified_gmt":"2026-05-01T14:58:47","slug":"melhor-visitante-inter-enfrenta-santos-pelo-brasileirao-feminino","status":"publish","type":"post","link":"https:\/\/www.caririemacao.com\/1\/2026\/05\/01\/melhor-visitante-inter-enfrenta-santos-pelo-brasileirao-feminino\/","title":{"rendered":"Melhor visitante, Inter enfrenta Santos pelo Brasileir\u00e3o Feminino"},"content":{"rendered":"<div class=\"header-noticia full-width\">\n<div class=\"linha-fina-noticia\" style=\"text-align: center;\"><em><strong>Duelo entre Sereias e Gurias Coloradas ter\u00e1 transmiss\u00e3o da TV Brasil<\/strong><\/em><\/div>\n<\/div>\n<div class=\"container-autoria\" style=\"text-align: center;\"><\/div>\n<div>\n<p>O feriado do Dia do Trabalhador ser\u00e1 de bola rolando na Vila Belmiro pelo Campeonato Brasileiro Feminino de futebol. Nesta sexta-feira (1\u00ba), a partir das 16h (hor\u00e1rio de Bras\u00edlia), o Santos recebe o Internacional pela nona rodada da competi\u00e7\u00e3o. A partida ser\u00e1 transmitida ao vivo pela\u00a0<strong>TV Brasil<\/strong>.<img decoding=\"async\" data-src=\"https:\/\/agenciabrasil.ebc.com.br\/ebc.png?id=1688052&amp;o=node\" src=\"data:image\/svg+xml;base64,PHN2ZyB3aWR0aD0iMSIgaGVpZ2h0PSIxIiB4bWxucz0iaHR0cDovL3d3dy53My5vcmcvMjAwMC9zdmciPjwvc3ZnPg==\" class=\"lazyload\" \/><img decoding=\"async\" data-src=\"https:\/\/agenciabrasil.ebc.com.br\/ebc.gif?id=1688052&amp;o=node\" src=\"data:image\/svg+xml;base64,PHN2ZyB3aWR0aD0iMSIgaGVpZ2h0PSIxIiB4bWxucz0iaHR0cDovL3d3dy53My5vcmcvMjAwMC9zdmciPjwvc3ZnPg==\" class=\"lazyload\" \/><\/p>\n<p>Tr\u00eas pontos separam as equipes na classifica\u00e7\u00e3o do Brasileir\u00e3o. As Gurias Coloradas aparecem na s\u00e9tima posi\u00e7\u00e3o, com 14 pontos. As Sereias da Vila ocupam o 11\u00ba lugar, com 11 pontos.<\/p>\n<p>O duelo em Santos (SP) marca a estreia de Marcelo Frig\u00e9rio no comando do Alvinegro Praiano. Treinador com passagens por Gr\u00eamio, Palmeiras e sele\u00e7\u00e3o paraguaia, entre outros, ele substitui Caio Couto, campe\u00e3o do Brasileir\u00e3o A2 (segunda divis\u00e3o) do ano passado pelo clube paulista, mas que n\u00e3o resistiu ao in\u00edcio de temporada irregular.<\/p>\n<p>As santistas n\u00e3o vencem h\u00e1 cinco partidas. Na \u00faltima rodada, dirigido de forma interina pelo auxiliar Bruno Barbosa, o time n\u00e3o saiu do zero com o Palmeiras no Allianz Parque, em S\u00e3o Paulo. Foi o quarto empate seguido das Sereias da Vila.<\/p>\n<p>O Inter, em contrapartida, acumula dois triunfos consecutivos, que o colocaram na zona de classifica\u00e7\u00e3o \u00e0s quartas de final, entre os oito primeiros. Na \u00faltima rodada, as Gurias Coloradas fizeram 1 a 0 no Juventude, no Sesc Campestre, em Porto Alegre, alcan\u00e7ando a primeira vit\u00f3ria como mandante no Brasileir\u00e3o.<\/p>\n<p>Fora de casa, o time ga\u00facho tem a melhor campanha geral da competi\u00e7\u00e3o. Em quatro jogos longe do Rio Grande do Sul, s\u00e3o tr\u00eas vit\u00f3rias e um empate. Curiosamente, todos os triunfos foram contra equipes mineiras: Am\u00e9rica-MG, Atl\u00e9tico-MG e Cruzeiro.<\/p>\n<p>Para o compromisso deste s\u00e1bado, o Santos n\u00e3o ter\u00e1 \u00e0 disposi\u00e7\u00e3o a volante Suzane Pires, suspensa pelo terceiro cart\u00e3o amarelo. Ela deve dar lugar a Vivian, um dos nove refor\u00e7os anunciados pelo clube para 2026. O setor de meio-campo alvinegro j\u00e1 estava desfalcado de outras duas pe\u00e7as importantes: as meias Rafa Andrade e Thaisinha, ambas no departamento m\u00e9dico.<\/p>\n<p>A prov\u00e1vel escala\u00e7\u00e3o santista ter\u00e1: Taty Amaro; Evellyn Marques, Ana Alice, Isa Cardoso e Larissa Vasconcelos; Nath Pitbull, Vivian e Yoreli Rinc\u00f3n; Mariana Larroquete, Evelin e Carol Baiana.<\/p>\n<p>No Inter, a lista de aus\u00eancias \u00e9 extensa. A maior parte dos desfalques \u00e9 de atletas com les\u00f5es de joelho. Casos da zagueira Bruna Benites, da lateral Eskerdinha, da volante Jordana e da meia J\u00falia Bianchi. O t\u00e9cnico Maur\u00edcio Salgado deve repetir a forma\u00e7\u00e3o que bateu o Juventude.<\/p>\n<p>As coloradas devem atuar com: Gabi Barbieri; Paulinha, D\u00e9bora, Sorriso e Soll; Paty Llanos, Lel\u00ea e Myka; Val\u00e9ria Cantu\u00e1rio, Darlene e Sole Jaimes.<\/p>\n<p>Os dois times n\u00e3o se enfrentavam desde 2024, quando duelaram pela \u00faltima rodada da primeira fase do Brasileir\u00e3o. No Sesc Campestre, o Inter goleou o Santos, ent\u00e3o j\u00e1 rebaixado ao Brasileir\u00e3o A2 de 2025, por 6 a 2, e se classificou \u00e0s quartas de final.<\/p>\n<p>A meia Let\u00edcia Monteiro (dois), a volante Z\u00f3io e as atacantes Priscila e Tamara marcaram para o time ga\u00facho. Curiosamente, nenhuma delas segue na equipe. As paulistas descontaram com as atacantes Paola (hoje no pr\u00f3prio Colorado) e Carol Baiana (que permanece no Peixe).<\/p>\n<p>FONTE: Ag\u00eancia Brasil<\/p>\n<\/div>\n","protected":false},"excerpt":{"rendered":"<p>Duelo entre Sereias e Gurias Coloradas ter\u00e1 transmiss\u00e3o da TV Brasil O feriado do Dia do Trabalhador ser\u00e1 de bola rolando na Vila Belmiro pelo&hellip; <\/p>\n","protected":false},"author":6,"featured_media":313630,"comment_status":"closed","ping_status":"closed","sticky":false,"template":"","format":"standard","meta":{"sfsi_plus_gutenberg_text_before_share":"","sfsi_plus_gutenberg_show_text_before_share":"","sfsi_plus_gutenberg_icon_type":"","sfsi_plus_gutenberg_icon_alignemt":"","sfsi_plus_gutenburg_max_per_row":"","footnotes":""},"categories":[50,13],"tags":[],"class_list":["post-313629","post","type-post","status-publish","format-standard","has-post-thumbnail","hentry","category-destaque","category-esportes"],"_links":{"self":[{"href":"https:\/\/www.caririemacao.com\/1\/wp-json\/wp\/v2\/posts\/313629","targetHints":{"allow":["GET"]}}],"collection":[{"href":"https:\/\/www.caririemacao.com\/1\/wp-json\/wp\/v2\/posts"}],"about":[{"href":"https:\/\/www.caririemacao.com\/1\/wp-json\/wp\/v2\/types\/post"}],"author":[{"embeddable":true,"href":"https:\/\/www.caririemacao.com\/1\/wp-json\/wp\/v2\/users\/6"}],"replies":[{"embeddable":true,"href":"https:\/\/www.caririemacao.com\/1\/wp-json\/wp\/v2\/comments?post=313629"}],"version-history":[{"count":1,"href":"https:\/\/www.caririemacao.com\/1\/wp-json\/wp\/v2\/posts\/313629\/revisions"}],"predecessor-version":[{"id":313631,"href":"https:\/\/www.caririemacao.com\/1\/wp-json\/wp\/v2\/posts\/313629\/revisions\/313631"}],"wp:featuredmedia":[{"embeddable":true,"href":"https:\/\/www.caririemacao.com\/1\/wp-json\/wp\/v2\/media\/313630"}],"wp:attachment":[{"href":"https:\/\/www.caririemacao.com\/1\/wp-json\/wp\/v2\/media?parent=313629"}],"wp:term":[{"taxonomy":"category","embeddable":true,"href":"https:\/\/www.caririemacao.com\/1\/wp-json\/wp\/v2\/categories?post=313629"},{"taxonomy":"post_tag","embeddable":true,"href":"https:\/\/www.caririemacao.com\/1\/wp-json\/wp\/v2\/tags?post=313629"}],"curies":[{"name":"wp","href":"https:\/\/api.w.org\/{rel}","templated":true}]}}