{"id":313632,"date":"2026-05-01T12:00:44","date_gmt":"2026-05-01T15:00:44","guid":{"rendered":"https:\/\/www.caririemacao.com\/1\/?p=313632"},"modified":"2026-05-01T12:00:44","modified_gmt":"2026-05-01T15:00:44","slug":"operacao-contra-o-trafico-de-drogas-cumpre-dois-mandados-de-prisao-em-monteiro","status":"publish","type":"post","link":"https:\/\/www.caririemacao.com\/1\/2026\/05\/01\/operacao-contra-o-trafico-de-drogas-cumpre-dois-mandados-de-prisao-em-monteiro\/","title":{"rendered":"Opera\u00e7\u00e3o contra o tr\u00e1fico de drogas cumpre dois mandados de pris\u00e3o em Monteiro"},"content":{"rendered":"<p>Uma opera\u00e7\u00e3o da For\u00e7a Integrada de Combate ao Crime Organizado na Para\u00edba (Ficco-PB) foi deflagrada na \u00faltima quarta-feira (29) e cumpriu mandados de pris\u00e3o e de busca e apreens\u00e3o na Para\u00edba e em mais tr\u00eas estados contra o tr\u00e1fico e cultivo il\u00edcito de drogas.<\/p>\n<p>Na Para\u00edba, a a\u00e7\u00e3o ocorreu nas cidades de Campina Grande e Monteiro, no Cariri paraibano. Segundo a Pol\u00edcia Federal, tr\u00eas suspeitos foram presos, sendo dois em Monteiro e um em Campina Grande.<\/p>\n<p>A opera\u00e7\u00e3o, denominada de \u201cCorte Profundo\u201d tamb\u00e9m \u00e9 realizada nos estados de Pernambuco, Maranh\u00e3o e Bahia. Ao todo, est\u00e3o sendo cumpridos 19 mandados de pris\u00e3o e 30 mandados de busca e apreens\u00e3o, expedidos pela Justi\u00e7a.8<\/p>\n<p>De acordo com a pol\u00edcia, a a\u00e7\u00e3o tem como alvo suspeitos apontados como integrantes de um grupo com atua\u00e7\u00e3o organizada no tr\u00e1fico de drogas, desde o plantio da maconha at\u00e9 a distribui\u00e7\u00e3o e comercializa\u00e7\u00e3o. Durante a opera\u00e7\u00e3o, os agentes buscam apreender drogas, armas, valores e outros bens ligados \u00e0s investiga\u00e7\u00f5es.<\/p>\n<p>Participam da opera\u00e7\u00e3o a Pol\u00edcia Federal nos quatro estados, al\u00e9m das Pol\u00edcias Militar e Civil da Para\u00edba e de Pernambuco, e da Pol\u00edcia Penal de Pernambuco. A FICCO\/PB re\u00fane ainda representantes da Secretaria Nacional de Pol\u00edticas Penais e das secretarias estaduais de Seguran\u00e7a P\u00fablica e de Administra\u00e7\u00e3o Penitenci\u00e1ria da Para\u00edba.<\/p>\n<p>FONTE: Cariri Ligado<\/p>\n","protected":false},"excerpt":{"rendered":"<p>Uma opera\u00e7\u00e3o da For\u00e7a Integrada de Combate ao Crime Organizado na Para\u00edba (Ficco-PB) foi deflagrada na \u00faltima quarta-feira (29) e cumpriu mandados de pris\u00e3o e&hellip; <\/p>\n","protected":false},"author":6,"featured_media":313633,"comment_status":"closed","ping_status":"closed","sticky":false,"template":"","format":"standard","meta":{"sfsi_plus_gutenberg_text_before_share":"","sfsi_plus_gutenberg_show_text_before_share":"","sfsi_plus_gutenberg_icon_type":"","sfsi_plus_gutenberg_icon_alignemt":"","sfsi_plus_gutenburg_max_per_row":"","footnotes":""},"categories":[50,81,12],"tags":[],"class_list":["post-313632","post","type-post","status-publish","format-standard","has-post-thumbnail","hentry","category-destaque","category-monteiro","category-policia"],"_links":{"self":[{"href":"https:\/\/www.caririemacao.com\/1\/wp-json\/wp\/v2\/posts\/313632","targetHints":{"allow":["GET"]}}],"collection":[{"href":"https:\/\/www.caririemacao.com\/1\/wp-json\/wp\/v2\/posts"}],"about":[{"href":"https:\/\/www.caririemacao.com\/1\/wp-json\/wp\/v2\/types\/post"}],"author":[{"embeddable":true,"href":"https:\/\/www.caririemacao.com\/1\/wp-json\/wp\/v2\/users\/6"}],"replies":[{"embeddable":true,"href":"https:\/\/www.caririemacao.com\/1\/wp-json\/wp\/v2\/comments?post=313632"}],"version-history":[{"count":1,"href":"https:\/\/www.caririemacao.com\/1\/wp-json\/wp\/v2\/posts\/313632\/revisions"}],"predecessor-version":[{"id":313634,"href":"https:\/\/www.caririemacao.com\/1\/wp-json\/wp\/v2\/posts\/313632\/revisions\/313634"}],"wp:featuredmedia":[{"embeddable":true,"href":"https:\/\/www.caririemacao.com\/1\/wp-json\/wp\/v2\/media\/313633"}],"wp:attachment":[{"href":"https:\/\/www.caririemacao.com\/1\/wp-json\/wp\/v2\/media?parent=313632"}],"wp:term":[{"taxonomy":"category","embeddable":true,"href":"https:\/\/www.caririemacao.com\/1\/wp-json\/wp\/v2\/categories?post=313632"},{"taxonomy":"post_tag","embeddable":true,"href":"https:\/\/www.caririemacao.com\/1\/wp-json\/wp\/v2\/tags?post=313632"}],"curies":[{"name":"wp","href":"https:\/\/api.w.org\/{rel}","templated":true}]}}