{"id":313638,"date":"2026-05-01T12:04:48","date_gmt":"2026-05-01T15:04:48","guid":{"rendered":"https:\/\/www.caririemacao.com\/1\/?p=313638"},"modified":"2026-05-01T12:04:48","modified_gmt":"2026-05-01T15:04:48","slug":"veja-como-votou-cada-paraibano-no-pl-da-dosimetria-que-impos-derrota-a-lula-no-congresso","status":"publish","type":"post","link":"https:\/\/www.caririemacao.com\/1\/2026\/05\/01\/veja-como-votou-cada-paraibano-no-pl-da-dosimetria-que-impos-derrota-a-lula-no-congresso\/","title":{"rendered":"Veja como votou cada paraibano no \u201cPL da Dosimetria\u201d que imp\u00f4s derrota a Lula no Congresso"},"content":{"rendered":"<p>A bancada paraibana no Congresso Nacional teve papel decisivo na derrubada do veto do presidente Luiz In\u00e1cio Lula da Silva ao chamado \u201cPL da Dosimetria\u201d, em vota\u00e7\u00e3o realizada nesta quinta-feira (30). Divididos, deputados e senadores do estado se somaram ao movimento que acabou impondo mais uma derrota ao Pal\u00e1cio do Planalto.<\/p>\n<p>Com participa\u00e7\u00e3o ativa de parlamentares da Para\u00edba, o veto foi derrubado tanto na C\u00e2mara quanto no Senado. Na C\u00e2mara dos Deputados, foram 318 votos favor\u00e1veis \u00e0 derrubada contra 144 contr\u00e1rios. J\u00e1 no Senado, o placar foi de 49 a 24. Para reverter a decis\u00e3o presidencial, eram necess\u00e1rios ao menos 257 votos na C\u00e2mara e 41 no Senado.<\/p>\n<p>O projeto trata da revis\u00e3o das penas aplicadas a condenados pelos atos de 8 de janeiro de 2023 e pode beneficiar cerca de 280 pessoas, incluindo aliados do ex-presidente Jair Bolsonaro.<\/p>\n<p><strong>Como votaram os paraibanos<\/strong><\/p>\n<p><strong>Pela manuten\u00e7\u00e3o do veto (alinhados ao governo):<\/strong><\/p>\n<p>Dami\u00e3o Feliciano<\/p>\n<p>Gerv\u00e1sio Maia<\/p>\n<p>Luiz Couto<\/p>\n<p>Daniella Ribeiro<\/p>\n<p>Veneziano Vital do R\u00eago<\/p>\n<p><strong>Pela derrubada do veto:<\/strong><\/p>\n<p>Aguinaldo Ribeiro<\/p>\n<p>Cabo Gilberto Silva<\/p>\n<p>Mersinho Lucena<\/p>\n<p>Romero Rodrigues<\/p>\n<p>Wellington Roberto<\/p>\n<p>Wilson Santiago<\/p>\n<p>Efraim Filho<\/p>\n<p>FONTE: Cariri Ligado<\/p>\n","protected":false},"excerpt":{"rendered":"<p>A bancada paraibana no Congresso Nacional teve papel decisivo na derrubada do veto do presidente Luiz In\u00e1cio Lula da Silva ao chamado \u201cPL da Dosimetria\u201d,&hellip; <\/p>\n","protected":false},"author":6,"featured_media":313639,"comment_status":"closed","ping_status":"closed","sticky":false,"template":"","format":"standard","meta":{"sfsi_plus_gutenberg_text_before_share":"","sfsi_plus_gutenberg_show_text_before_share":"","sfsi_plus_gutenberg_icon_type":"","sfsi_plus_gutenberg_icon_alignemt":"","sfsi_plus_gutenburg_max_per_row":"","footnotes":""},"categories":[50,11],"tags":[],"class_list":["post-313638","post","type-post","status-publish","format-standard","has-post-thumbnail","hentry","category-destaque","category-politica"],"_links":{"self":[{"href":"https:\/\/www.caririemacao.com\/1\/wp-json\/wp\/v2\/posts\/313638","targetHints":{"allow":["GET"]}}],"collection":[{"href":"https:\/\/www.caririemacao.com\/1\/wp-json\/wp\/v2\/posts"}],"about":[{"href":"https:\/\/www.caririemacao.com\/1\/wp-json\/wp\/v2\/types\/post"}],"author":[{"embeddable":true,"href":"https:\/\/www.caririemacao.com\/1\/wp-json\/wp\/v2\/users\/6"}],"replies":[{"embeddable":true,"href":"https:\/\/www.caririemacao.com\/1\/wp-json\/wp\/v2\/comments?post=313638"}],"version-history":[{"count":1,"href":"https:\/\/www.caririemacao.com\/1\/wp-json\/wp\/v2\/posts\/313638\/revisions"}],"predecessor-version":[{"id":313640,"href":"https:\/\/www.caririemacao.com\/1\/wp-json\/wp\/v2\/posts\/313638\/revisions\/313640"}],"wp:featuredmedia":[{"embeddable":true,"href":"https:\/\/www.caririemacao.com\/1\/wp-json\/wp\/v2\/media\/313639"}],"wp:attachment":[{"href":"https:\/\/www.caririemacao.com\/1\/wp-json\/wp\/v2\/media?parent=313638"}],"wp:term":[{"taxonomy":"category","embeddable":true,"href":"https:\/\/www.caririemacao.com\/1\/wp-json\/wp\/v2\/categories?post=313638"},{"taxonomy":"post_tag","embeddable":true,"href":"https:\/\/www.caririemacao.com\/1\/wp-json\/wp\/v2\/tags?post=313638"}],"curies":[{"name":"wp","href":"https:\/\/api.w.org\/{rel}","templated":true}]}}