{"id":313643,"date":"2026-05-01T15:12:08","date_gmt":"2026-05-01T18:12:08","guid":{"rendered":"https:\/\/www.caririemacao.com\/1\/?p=313643"},"modified":"2026-05-01T15:12:08","modified_gmt":"2026-05-01T18:12:08","slug":"governador-lucas-ribeiro-coordena-pessoalmente-acoes-nos-municipios-do-vale-do-paraiba-atingidos-pelas-fortes-chuvas","status":"publish","type":"post","link":"https:\/\/www.caririemacao.com\/1\/2026\/05\/01\/governador-lucas-ribeiro-coordena-pessoalmente-acoes-nos-municipios-do-vale-do-paraiba-atingidos-pelas-fortes-chuvas\/","title":{"rendered":"Governador Lucas Ribeiro coordena pessoalmente a\u00e7\u00f5es nos munic\u00edpios do Vale do Para\u00edba atingidos pelas fortes chuvas\u00a0"},"content":{"rendered":"<p>O governador Lucas Ribeiro, acompanhado de auxiliares, est\u00e1 indo pessoalmente nos munic\u00edpios atingidos pelas chuvas que t\u00eam ca\u00eddo na Para\u00edba nos \u00faltimos dias no Vale do Para\u00edba \u2013 especialmente em Itabaiana \u2013 com o objetivo de avaliar a extens\u00e3o de danos e coordenar a\u00e7\u00f5es emergenciais que j\u00e1 est\u00e3o sendo adotadas pelas equipes do Governo a fim de reduzir o impacto provocado pelas chuvas.<\/p>\n<p>Desde cedo, o governador Lucas Ribeiro tem conversado com prefeitos e demais autoridades municipais de Ing\u00e1, Salgado de S\u00e3o F\u00e9lix, S\u00e3o Miguel de Taipu, Pilar e Mogeiro, colocando toda estrutura do Governo do Estado \u00e0 disposi\u00e7\u00e3o e em prontid\u00e3o.<\/p>\n<p><img fetchpriority=\"high\" decoding=\"async\" class=\" wp-image-313647 aligncenter\" src=\"https:\/\/www.caririemacao.com\/1\/wp-content\/uploads\/2026\/05\/WhatsApp-Image-2026-05-01-at-2.39.36-PM-300x225.webp\" alt=\"\" width=\"451\" height=\"338\" srcset=\"https:\/\/www.caririemacao.com\/1\/wp-content\/uploads\/2026\/05\/WhatsApp-Image-2026-05-01-at-2.39.36-PM-300x225.webp 300w, https:\/\/www.caririemacao.com\/1\/wp-content\/uploads\/2026\/05\/WhatsApp-Image-2026-05-01-at-2.39.36-PM-1280x960.webp 1280w, https:\/\/www.caririemacao.com\/1\/wp-content\/uploads\/2026\/05\/WhatsApp-Image-2026-05-01-at-2.39.36-PM-768x576.webp 768w, https:\/\/www.caririemacao.com\/1\/wp-content\/uploads\/2026\/05\/WhatsApp-Image-2026-05-01-at-2.39.36-PM-1536x1152.webp 1536w, https:\/\/www.caririemacao.com\/1\/wp-content\/uploads\/2026\/05\/WhatsApp-Image-2026-05-01-at-2.39.36-PM.webp 1600w\" sizes=\"(max-width: 451px) 100vw, 451px\" \/><\/p>\n<p>Nessa regi\u00e3o, o Corpo de Bombeiros refor\u00e7ou o efetivo em mais\u00a030\u00a0bombeiros e as opera\u00e7\u00f5es est\u00e3o centralizadas no Quartel em Itabaiana, segundo informou o comandante CBMPB, coronel Marcelo Ara\u00fajo. Al\u00e9m de monitorar estruturas como pontes e \u00e1reas de risco, os Bombeiros est\u00e3o junto \u00e0s prefeituras auxiliando tamb\u00e9m com a\u00e7\u00f5es de seguran\u00e7a da popula\u00e7\u00e3o. Embarca\u00e7\u00f5es j\u00e1 est\u00e3o na \u00e1rea para qualquer ocorr\u00eancia que necessite do equipamento.<\/p>\n<p>Estradas interditadas &#8211; Devido ao agravamento das condi\u00e7\u00f5es clim\u00e1ticas e ao colapso total da pista na altura da unidade da Giasa, o Departamento de Estradas de Rodagem da Para\u00edba (DER-PB) interditou totalmente a rodovia PB-032. As chuvas torrenciais que atingem o Estado h\u00e1 v\u00e1rios dias provocaram o rompimento total do trecho, que j\u00e1 apresentava interdi\u00e7\u00e3o parcial desde a \u00faltima ter\u00e7a-feira (28). Embora o DER tenha trabalhado na cria\u00e7\u00e3o de um desvio provis\u00f3rio de aproximadamente 4 km com aplica\u00e7\u00e3o de pedras para refor\u00e7o do solo, a intensidade das precipita\u00e7\u00f5es tornou o trajeto intransit\u00e1vel.<\/p>\n<p>\u201cA seguran\u00e7a \u00e9 nossa prioridade absoluta. O trabalho preventivo das equipes de campo, em parceria com a Pol\u00edcia Militar, foi crucial para garantir que n\u00e3o houvesse v\u00edtimas humanas durante o colapso da via&#8221;, destaca o diretor de Opera\u00e7\u00f5es do DER-PB, Orlando Soares.<\/p>\n<p>O desvio provis\u00f3rio apresenta diversos pontos de atoleiro, impossibilitando a passagem at\u00e9 mesmo de ve\u00edculos com tra\u00e7\u00e3o. O DER-PB orienta que nenhum condutor tente utilizar o desvio da PB-032 no momento, pois h\u00e1 alto risco de interrup\u00e7\u00e3o for\u00e7ada do tr\u00e1fego e danos aos ve\u00edculos.<\/p>\n<p>Como chegar a Pedras de Fogo (rotas alternativas) &#8211; a cidade de Pedras de Fogo n\u00e3o est\u00e1 isolada, mas os motoristas devem adotar caminhos mais longos, por\u00e9m seguros:<\/p>\n<p>Via BR-230 \/ PB-030: o acesso principal deve ser feito pela BR-230, entrando na PB-030. Este trecho apresenta tr\u00e1fego normal e \u00e9 a rota mais recomendada;<\/p>\n<p>Via BR-101 (Pernambuco): quem segue pela BR-101 deve entrar pelo estado de Pernambuco, acessando Itamb\u00e9 para chegar a Pedras de Fogo;<\/p>\n<p>Acesso limitado: quem sai de Jo\u00e3o Pessoa pela PB-032 consegue chegar apenas at\u00e9 a altura da Giasa. A partir deste ponto, a passagem para Pedras de Fogo est\u00e1 bloqueada.<\/p>\n<p>O DER-PB mant\u00e9m equipes de prontid\u00e3o em todas as Resid\u00eancias Rodovi\u00e1rias para monitorar os efeitos das chuvas nas demais regi\u00f5es:<\/p>\n<p>Em Umbuzeiro foi registrado o rompimento de um barreiro que lavou a pista. No momento, o n\u00edvel da \u00e1gua baixou e o tr\u00e1fego flui normalmente, mas t\u00e9cnicos realizam vistorias para identificar poss\u00edveis eros\u00f5es em bueiros e na estrutura asf\u00e1ltica.<\/p>\n<p>Todas as rodovias que apresentam pontos cr\u00edticos est\u00e3o sob monitoramento constante para interven\u00e7\u00f5es r\u00e1pidas em caso de novos incidentes. O DER refor\u00e7a que os trabalhos de recupera\u00e7\u00e3o ser\u00e3o intensificados assim que as condi\u00e7\u00f5es clim\u00e1ticas permitirem.<\/p>\n","protected":false},"excerpt":{"rendered":"<p>O governador Lucas Ribeiro, acompanhado de auxiliares, est\u00e1 indo pessoalmente nos munic\u00edpios atingidos pelas chuvas que t\u00eam ca\u00eddo na Para\u00edba nos \u00faltimos dias no Vale&hellip; <\/p>\n","protected":false},"author":6,"featured_media":313645,"comment_status":"closed","ping_status":"closed","sticky":false,"template":"","format":"standard","meta":{"sfsi_plus_gutenberg_text_before_share":"","sfsi_plus_gutenberg_show_text_before_share":"","sfsi_plus_gutenberg_icon_type":"","sfsi_plus_gutenberg_icon_alignemt":"","sfsi_plus_gutenburg_max_per_row":"","footnotes":""},"categories":[50,1,104,11],"tags":[],"class_list":["post-313643","post","type-post","status-publish","format-standard","has-post-thumbnail","hentry","category-destaque","category-o-site","category-paraiba","category-politica"],"_links":{"self":[{"href":"https:\/\/www.caririemacao.com\/1\/wp-json\/wp\/v2\/posts\/313643","targetHints":{"allow":["GET"]}}],"collection":[{"href":"https:\/\/www.caririemacao.com\/1\/wp-json\/wp\/v2\/posts"}],"about":[{"href":"https:\/\/www.caririemacao.com\/1\/wp-json\/wp\/v2\/types\/post"}],"author":[{"embeddable":true,"href":"https:\/\/www.caririemacao.com\/1\/wp-json\/wp\/v2\/users\/6"}],"replies":[{"embeddable":true,"href":"https:\/\/www.caririemacao.com\/1\/wp-json\/wp\/v2\/comments?post=313643"}],"version-history":[{"count":1,"href":"https:\/\/www.caririemacao.com\/1\/wp-json\/wp\/v2\/posts\/313643\/revisions"}],"predecessor-version":[{"id":313648,"href":"https:\/\/www.caririemacao.com\/1\/wp-json\/wp\/v2\/posts\/313643\/revisions\/313648"}],"wp:featuredmedia":[{"embeddable":true,"href":"https:\/\/www.caririemacao.com\/1\/wp-json\/wp\/v2\/media\/313645"}],"wp:attachment":[{"href":"https:\/\/www.caririemacao.com\/1\/wp-json\/wp\/v2\/media?parent=313643"}],"wp:term":[{"taxonomy":"category","embeddable":true,"href":"https:\/\/www.caririemacao.com\/1\/wp-json\/wp\/v2\/categories?post=313643"},{"taxonomy":"post_tag","embeddable":true,"href":"https:\/\/www.caririemacao.com\/1\/wp-json\/wp\/v2\/tags?post=313643"}],"curies":[{"name":"wp","href":"https:\/\/api.w.org\/{rel}","templated":true}]}}