{"id":313649,"date":"2026-05-01T16:19:06","date_gmt":"2026-05-01T19:19:06","guid":{"rendered":"https:\/\/www.caririemacao.com\/1\/?p=313649"},"modified":"2026-05-01T16:19:06","modified_gmt":"2026-05-01T19:19:06","slug":"vereador-vinicius-candido-solicita-apoio-de-damiao-feliciano-para-aquisicao-de-trator-e-fortalecimento-da-zona-rural","status":"publish","type":"post","link":"https:\/\/www.caririemacao.com\/1\/2026\/05\/01\/vereador-vinicius-candido-solicita-apoio-de-damiao-feliciano-para-aquisicao-de-trator-e-fortalecimento-da-zona-rural\/","title":{"rendered":"Vereador Vin\u00edcius C\u00e2ndido solicita apoio de Dami\u00e3o Feliciano para aquisi\u00e7\u00e3o de trator e fortalecimento da zona rural"},"content":{"rendered":"<p>Ao lado do deputado federal Dami\u00e3o Feliciano, o vereador Vin\u00edcius C\u00e2ndido refor\u00e7ou sua atua\u00e7\u00e3o em defesa da zona rural ao apresentar uma solicita\u00e7\u00e3o voltada ao fortalecimento da agricultura local.<\/p>\n<p><strong>O pedido trata da destina\u00e7\u00e3o de um trator com implementos agr\u00edcolas, com o objetivo de ampliar a capacidade produtiva dos agricultores do munic\u00edpio.<\/strong><\/p>\n<p>A proposta visa melhorar as condi\u00e7\u00f5es de trabalho no campo, contribuindo diretamente para o aumento da produ\u00e7\u00e3o e da renda.Segundo o vereador, o investimento em maquin\u00e1rio \u00e9 fundamental para impulsionar o desenvolvimento rural, garantindo mais dignidade aos trabalhadores e fortalecendo um dos principais setores da economia local.A articula\u00e7\u00e3o junto ao parlamentar federal evidencia a busca por solu\u00e7\u00f5es concretas para demandas da popula\u00e7\u00e3o, com foco em resultados pr\u00e1ticos para o setor agr\u00edcola.<\/p>\n<p>CARIRI EM A\u00c7\u00c3O<\/p>\n","protected":false},"excerpt":{"rendered":"<p>Ao lado do deputado federal Dami\u00e3o Feliciano, o vereador Vin\u00edcius C\u00e2ndido refor\u00e7ou sua atua\u00e7\u00e3o em defesa da zona rural ao apresentar uma solicita\u00e7\u00e3o voltada ao&hellip; <\/p>\n","protected":false},"author":6,"featured_media":313650,"comment_status":"closed","ping_status":"closed","sticky":false,"template":"","format":"standard","meta":{"sfsi_plus_gutenberg_text_before_share":"","sfsi_plus_gutenberg_show_text_before_share":"","sfsi_plus_gutenberg_icon_type":"","sfsi_plus_gutenberg_icon_alignemt":"","sfsi_plus_gutenburg_max_per_row":"","footnotes":""},"categories":[50,11],"tags":[],"class_list":["post-313649","post","type-post","status-publish","format-standard","has-post-thumbnail","hentry","category-destaque","category-politica"],"_links":{"self":[{"href":"https:\/\/www.caririemacao.com\/1\/wp-json\/wp\/v2\/posts\/313649","targetHints":{"allow":["GET"]}}],"collection":[{"href":"https:\/\/www.caririemacao.com\/1\/wp-json\/wp\/v2\/posts"}],"about":[{"href":"https:\/\/www.caririemacao.com\/1\/wp-json\/wp\/v2\/types\/post"}],"author":[{"embeddable":true,"href":"https:\/\/www.caririemacao.com\/1\/wp-json\/wp\/v2\/users\/6"}],"replies":[{"embeddable":true,"href":"https:\/\/www.caririemacao.com\/1\/wp-json\/wp\/v2\/comments?post=313649"}],"version-history":[{"count":1,"href":"https:\/\/www.caririemacao.com\/1\/wp-json\/wp\/v2\/posts\/313649\/revisions"}],"predecessor-version":[{"id":313651,"href":"https:\/\/www.caririemacao.com\/1\/wp-json\/wp\/v2\/posts\/313649\/revisions\/313651"}],"wp:featuredmedia":[{"embeddable":true,"href":"https:\/\/www.caririemacao.com\/1\/wp-json\/wp\/v2\/media\/313650"}],"wp:attachment":[{"href":"https:\/\/www.caririemacao.com\/1\/wp-json\/wp\/v2\/media?parent=313649"}],"wp:term":[{"taxonomy":"category","embeddable":true,"href":"https:\/\/www.caririemacao.com\/1\/wp-json\/wp\/v2\/categories?post=313649"},{"taxonomy":"post_tag","embeddable":true,"href":"https:\/\/www.caririemacao.com\/1\/wp-json\/wp\/v2\/tags?post=313649"}],"curies":[{"name":"wp","href":"https:\/\/api.w.org\/{rel}","templated":true}]}}