{"id":313684,"date":"2026-05-03T06:39:37","date_gmt":"2026-05-03T09:39:37","guid":{"rendered":"https:\/\/www.caririemacao.com\/1\/?p=313684"},"modified":"2026-05-03T11:00:14","modified_gmt":"2026-05-03T14:00:14","slug":"canetas-emagrecedoras-podem-reforcar-economia-moral-da-magreza","status":"publish","type":"post","link":"https:\/\/www.caririemacao.com\/1\/2026\/05\/03\/canetas-emagrecedoras-podem-reforcar-economia-moral-da-magreza\/","title":{"rendered":"Canetas emagrecedoras podem refor\u00e7ar &#8220;economia moral da magreza&#8221;"},"content":{"rendered":"<p>A populariza\u00e7\u00e3o dos medicamentos subcut\u00e2neos para o tratamento da obesidade, mais conhecidos como canetas emagrecedoras, tem sido acompanhada de intensos debates. Apesar de produzirem efeitos expressivos\u00a0e de terem conquistado o endosso de diversas sociedades m\u00e9dicas, esses rem\u00e9dios tamb\u00e9m t\u00eam sido usados sem acompanhamento profissional, ou por pessoas que n\u00e3o apresentam obesidade.<img decoding=\"async\" data-src=\"https:\/\/agenciabrasil.ebc.com.br\/ebc.png?id=1687547&amp;o=node\" src=\"data:image\/svg+xml;base64,PHN2ZyB3aWR0aD0iMSIgaGVpZ2h0PSIxIiB4bWxucz0iaHR0cDovL3d3dy53My5vcmcvMjAwMC9zdmciPjwvc3ZnPg==\" class=\"lazyload\" \/><img decoding=\"async\" data-src=\"https:\/\/agenciabrasil.ebc.com.br\/ebc.gif?id=1687547&amp;o=node\" src=\"data:image\/svg+xml;base64,PHN2ZyB3aWR0aD0iMSIgaGVpZ2h0PSIxIiB4bWxucz0iaHR0cDovL3d3dy53My5vcmcvMjAwMC9zdmciPjwvc3ZnPg==\" class=\"lazyload\" \/><\/p>\n<p>Para a professora das faculdades de Sa\u00fade P\u00fablica e de Medicina Universidade de S\u00e3o Paulo (USP), Fernanda Scagluiza, o apelo das canetas nasce da &#8220;economia moral da magreza\u201d.<\/p>\n<p>Ela foi uma das entrevistadas do epis\u00f3dio\u00a0<em>O boom das canetas emagrecedoras<\/em>, exibido pelo programa\u00a0<em>Caminhos da Reportagem<\/em>, da\u00a0<strong>TV Brasil<\/strong>, na \u00faltima segunda-feira (27).<\/p>\n<h2>Confira a entrevista para o Caminhos da Reportagem<\/h2>\n<p><strong>Caminhos da Reportagem:<\/strong>\u00a0O que \u00e9 a economia moral da magreza? Como ela se reflete em viol\u00eancia contra as pessoas gordas?<\/p>\n<p><strong>Fernanda Scagluiza:<\/strong>\u00a0A economia moral significa que se atribuem significados diferentes a determinados corpos. Ent\u00e3o, um corpo magro, um corpo sarado \u00e9 visto como virtuoso, de uma pessoa que se esfor\u00e7ou para chegar at\u00e9 l\u00e1, que tem um grande controle e, com essas ferramentas, ela conseguiu aquele corpo.<\/p>\n<blockquote><p>Enquanto que, socialmente, um corpo gordo \u00e9 visto como o de algu\u00e9m pregui\u00e7oso, relaxado, que n\u00e3o tem for\u00e7a de vontade, n\u00e3o tem disciplina e outros estere\u00f3tipos tamb\u00e9m muito perigosos, como falta de compet\u00eancia, falta de higiene, que n\u00e3o t\u00eam nada a ver com a realidade das pessoas.<\/p><\/blockquote>\n<p>E a\u00ed \u00e9 como se as pessoas, quando entram no jogo social, tivessem uma quantidade de fichas diferentes no bolso. A pessoa que tem um corpo sarado, um corpo magro, est\u00e1 com muitas fichas. Ent\u00e3o, ela tem rela\u00e7\u00f5es sociais melhores\u00a0no trabalho, na educa\u00e7\u00e3o, nas rela\u00e7\u00f5es amorosas. As coisas ocorrem com privil\u00e9gios, enquanto, para as pessoas gordas, \u00e9 o contr\u00e1rio. Sempre que voc\u00ea tem privil\u00e9gio de um lado, voc\u00ea tem perda de direitos e opress\u00e3o do outro.<\/p>\n<p><strong>Caminhos da Reportagem:<\/strong>\u00a0De onde v\u00eam esses padr\u00f5es?<\/p>\n<p><strong>Fernanda Scagluiza:\u00a0<\/strong>Padr\u00f5es de beleza geralmente existem\u00a0desde muito tempo, e v\u00e3o mudando conforme o per\u00edodo hist\u00f3rico. Mas o que eu acho mais interessante a gente pensar \u00e9 que sempre que existir um padr\u00e3o, a gente vai ter algo que \u00e9 impeditivo \u00e0 diversidade.<\/p>\n<p>Se voc\u00ea olhar um lugar cheio de gente, voc\u00ea vai ver muita gente diversa. Ent\u00e3o, se eu colocar um padr\u00e3o, ou de extrema magreza, como est\u00e1 voltando agora, ou de uma magreza &#8220;saud\u00e1vel&#8221;, ou super musculoso, isso sempre vai deixar muita gente de fora.<\/p>\n<p>E o objetivo \u00e9 esse, deixar gente de fora para alimentar uma ind\u00fastria que vai tentar vender solu\u00e7\u00f5es para isso.<\/p>\n<p><strong>Caminhos da Reportagem:\u00a0<\/strong>Podemos dizer que, hoje, nunca se \u00e9 magro o suficiente?<\/p>\n<p><strong>Fernanda Scagluiza:\u00a0<\/strong>Eu acredito que sim. Eu costumo dizer que toda gordura ser\u00e1 castigada. \u00c9 claro que as pessoas que t\u00eam um peso mais alto, que t\u00eam um corpo de fato maior, est\u00e3o dentro de um sistema de viol\u00eancia, uma estrutura que a gente chama de gordofobia.<\/p>\n<blockquote><p>Esse sistema vai fazer de tudo para que essa pessoa fique de fora da sociedade, para que se enraize dentro dela a humilha\u00e7\u00e3o, a opress\u00e3o e a falta de dignidade.<\/p><\/blockquote>\n<p>Ent\u00e3o, essa pessoa certamente \u00e9 a mais prejudicada. Mas mesmo as pessoas que n\u00e3o s\u00e3o gordas sofrem a press\u00e3o est\u00e9tica pela magreza. E isso pode ser mais ou menos intenso dependendo do lugar, do g\u00eanero, da classe social. De maneira geral, mulheres s\u00e3o mais atingidas, mas as pesquisas n\u00e3o s\u00e3o refinadas o suficiente, por exemplo, para gente entender diferen\u00e7as entre mulheres cis, trans e travestis.<\/p>\n<p>Mas hoje o que a gente est\u00e1 vendo \u00e9 que qualquer gordurinha \u00e9 um problema e \u00e9 um motivo para voc\u00ea adquirir uma solu\u00e7\u00e3o, que agora se vende como uma magreza farmacol\u00f3gica.<\/p>\n<p><strong>Caminhos da Reportagem:\u00a0<\/strong>Voc\u00ea acha que a gente estava come\u00e7ando a se desvencilhar da cultura da magreza extrema e que isso agora voltou forte com as canetas emagrecedoras?<\/p>\n<p><strong>Fernanda Scagluiza:\u00a0<\/strong>Eu acho que sim. Mas eu acho que a gente n\u00e3o pode ser ing\u00eanuo. Acho que, a partir dos anos 2010, a gente come\u00e7ou a ter alguma mudan\u00e7a, com o movimento de positividade corporal, tentando passar a ideia de que a diversidade era importante. Mas por que eu falo que a gente n\u00e3o pode ser ing\u00eanuo? Esses espa\u00e7os, na moda, por exemplo, foram conquistados muito a contragosto, e eles cederam uma cota para mulheres com um corpo um pouco maior, mas elas ainda tinham um formato de ampulheta, sem uma dobra de barriga, nada disso.<\/p>\n<p>Agora, eu tenho uma impress\u00e3o de que eles est\u00e3o muito felizes, porque podem se livrar disso e voltar ao padr\u00e3o da magreza extrema. Eu li outro dia uma reportagem dizendo que modelos de passarela, que normalmente j\u00e1 s\u00e3o supermagras, o que eles chamam de tamanho zero, \u00a0chegam para os desfiles de moda e as roupas t\u00eam que ser ajustadas, porque at\u00e9 as roupas tamanho zero est\u00e3o muito largas nelas.<\/p>\n<p>Isso \u00e9 um cen\u00e1rio muito perigoso, especialmente para crian\u00e7as e adolescentes, que s\u00e3o muito influenci\u00e1veis. Mas eu n\u00e3o acho que a gente estava no para\u00edso antes.<\/p>\n","protected":false},"excerpt":{"rendered":"<p>A populariza\u00e7\u00e3o dos medicamentos subcut\u00e2neos para o tratamento da obesidade, mais conhecidos como canetas emagrecedoras, tem sido acompanhada de intensos debates. Apesar de produzirem efeitos&hellip; <\/p>\n","protected":false},"author":6,"featured_media":313685,"comment_status":"closed","ping_status":"closed","sticky":false,"template":"","format":"standard","meta":{"sfsi_plus_gutenberg_text_before_share":"","sfsi_plus_gutenberg_show_text_before_share":"","sfsi_plus_gutenberg_icon_type":"","sfsi_plus_gutenberg_icon_alignemt":"","sfsi_plus_gutenburg_max_per_row":"","footnotes":""},"categories":[50,16],"tags":[],"class_list":["post-313684","post","type-post","status-publish","format-standard","has-post-thumbnail","hentry","category-destaque","category-saude"],"_links":{"self":[{"href":"https:\/\/www.caririemacao.com\/1\/wp-json\/wp\/v2\/posts\/313684","targetHints":{"allow":["GET"]}}],"collection":[{"href":"https:\/\/www.caririemacao.com\/1\/wp-json\/wp\/v2\/posts"}],"about":[{"href":"https:\/\/www.caririemacao.com\/1\/wp-json\/wp\/v2\/types\/post"}],"author":[{"embeddable":true,"href":"https:\/\/www.caririemacao.com\/1\/wp-json\/wp\/v2\/users\/6"}],"replies":[{"embeddable":true,"href":"https:\/\/www.caririemacao.com\/1\/wp-json\/wp\/v2\/comments?post=313684"}],"version-history":[{"count":2,"href":"https:\/\/www.caririemacao.com\/1\/wp-json\/wp\/v2\/posts\/313684\/revisions"}],"predecessor-version":[{"id":313699,"href":"https:\/\/www.caririemacao.com\/1\/wp-json\/wp\/v2\/posts\/313684\/revisions\/313699"}],"wp:featuredmedia":[{"embeddable":true,"href":"https:\/\/www.caririemacao.com\/1\/wp-json\/wp\/v2\/media\/313685"}],"wp:attachment":[{"href":"https:\/\/www.caririemacao.com\/1\/wp-json\/wp\/v2\/media?parent=313684"}],"wp:term":[{"taxonomy":"category","embeddable":true,"href":"https:\/\/www.caririemacao.com\/1\/wp-json\/wp\/v2\/categories?post=313684"},{"taxonomy":"post_tag","embeddable":true,"href":"https:\/\/www.caririemacao.com\/1\/wp-json\/wp\/v2\/tags?post=313684"}],"curies":[{"name":"wp","href":"https:\/\/api.w.org\/{rel}","templated":true}]}}