{"id":313687,"date":"2026-05-03T07:00:05","date_gmt":"2026-05-03T10:00:05","guid":{"rendered":"https:\/\/www.caririemacao.com\/1\/?p=313687"},"modified":"2026-05-03T10:56:28","modified_gmt":"2026-05-03T13:56:28","slug":"a-menos-de-um-mes-do-fim-do-prazo-59-nao-enviaram-declaracao-do-ir","status":"publish","type":"post","link":"https:\/\/www.caririemacao.com\/1\/2026\/05\/03\/a-menos-de-um-mes-do-fim-do-prazo-59-nao-enviaram-declaracao-do-ir\/","title":{"rendered":"A menos de um m\u00eas do fim do prazo, 59% n\u00e3o enviaram declara\u00e7\u00e3o do IR"},"content":{"rendered":"<div class=\"subtitulo mb-3\"><em><strong>At\u00e9 este s\u00e1bado (3), a Receita Federal recebeu 18.380.905 declara\u00e7\u00f5es, n\u00famero equivale a 41,8% do total de 44 milh\u00f5es de declara\u00e7\u00f5es previstas para este ano.<\/strong><\/em><\/div>\n<div><\/div>\n<div>\n<p class=\"wp-block-paragraph\">A menos de um m\u00eas do fim do prazo, quase 60% dos contribuintes ainda n\u00e3o acertaram as contas com o Le\u00e3o. At\u00e9 \u00e0s 17h27 deste s\u00e1bado (3), a Receita Federal recebeu 18.380.905 Declara\u00e7\u00f5es do Imposto de Renda Pessoa F\u00edsica 2026 (ano-base 2025).<\/p>\n<p class=\"wp-block-paragraph\">O n\u00famero equivale a 41,8% do total de declara\u00e7\u00f5es previstas para este ano. Em 2026, o Fisco espera receber 44 milh\u00f5es de declara\u00e7\u00f5es. Tradicionalmente, o ritmo de entrega aumenta nas \u00faltimas semanas do prazo.<\/p>\n<p class=\"wp-block-paragraph\">Segundo a Receita Federal, 70,3% das declara\u00e7\u00f5es entregues at\u00e9 agora ter\u00e3o direito a receber restitui\u00e7\u00e3o, 16,9% ter\u00e3o que pagar Imposto de Renda e 12,8% n\u00e3o t\u00eam imposto a pagar nem a receber.<\/p>\n<p class=\"wp-block-paragraph\">A maioria dos documentos foi preenchida a partir do programa de computador (73,7%), mas 17,4% dos contribuintes recorrem ao preenchimento online, que deixa o rascunho da declara\u00e7\u00e3o salvo nos computadores do Fisco (nuvem da Receita), e 8,9% declaram pelo aplicativo Meu Imposto de Renda para smartphones e tablets.<\/p>\n<p class=\"wp-block-paragraph\">Um total de 60% dos contribuintes que entregaram o documento \u00e0 Receita Federal usaram a declara\u00e7\u00e3o pr\u00e9-preenchida, por meio da qual o declarante baixa uma vers\u00e3o preliminar do documento, bastando confirmar as informa\u00e7\u00f5es ou retificar os dados. A op\u00e7\u00e3o de desconto simplificado representa 55,3% dos envios.<\/p>\n<p class=\"wp-block-paragraph\">O prazo para entregar a declara\u00e7\u00e3o come\u00e7ou em 23 de mar\u00e7o e termina \u00e0s 23h59min59s de 29 de maio. O programa gerador da declara\u00e7\u00e3o est\u00e1 dispon\u00edvel desde 19 de mar\u00e7o.<\/p>\n<p class=\"wp-block-paragraph\">Quem n\u00e3o enviar a declara\u00e7\u00e3o no prazo pagar\u00e1 multa de R$ 165,74 ou 1% do imposto devido, prevalecendo o maior valor.<\/p>\n<p class=\"wp-block-paragraph\">As pessoas f\u00edsicas que receberam rendimentos tribut\u00e1veis acima de R$ 35.584, assim como aquelas que obtiveram receita bruta da atividade rural acima de R$ 177.920, s\u00e3o obrigadas a declarar. As pessoas que receberam at\u00e9 dois sal\u00e1rios m\u00ednimos mensais em 2025 est\u00e3o dispensadas de fazer a declara\u00e7\u00e3o, salvo se enquadrarem em outro crit\u00e9rio de obrigatoriedade.<\/p>\n<p>FONTE: Portal Correio<\/p>\n<\/div>\n","protected":false},"excerpt":{"rendered":"<p>At\u00e9 este s\u00e1bado (3), a Receita Federal recebeu 18.380.905 declara\u00e7\u00f5es, n\u00famero equivale a 41,8% do total de 44 milh\u00f5es de declara\u00e7\u00f5es previstas para este ano.&hellip; <\/p>\n","protected":false},"author":6,"featured_media":313688,"comment_status":"closed","ping_status":"closed","sticky":false,"template":"","format":"standard","meta":{"sfsi_plus_gutenberg_text_before_share":"","sfsi_plus_gutenberg_show_text_before_share":"","sfsi_plus_gutenberg_icon_type":"","sfsi_plus_gutenberg_icon_alignemt":"","sfsi_plus_gutenburg_max_per_row":"","footnotes":""},"categories":[50],"tags":[],"class_list":["post-313687","post","type-post","status-publish","format-standard","has-post-thumbnail","hentry","category-destaque"],"_links":{"self":[{"href":"https:\/\/www.caririemacao.com\/1\/wp-json\/wp\/v2\/posts\/313687","targetHints":{"allow":["GET"]}}],"collection":[{"href":"https:\/\/www.caririemacao.com\/1\/wp-json\/wp\/v2\/posts"}],"about":[{"href":"https:\/\/www.caririemacao.com\/1\/wp-json\/wp\/v2\/types\/post"}],"author":[{"embeddable":true,"href":"https:\/\/www.caririemacao.com\/1\/wp-json\/wp\/v2\/users\/6"}],"replies":[{"embeddable":true,"href":"https:\/\/www.caririemacao.com\/1\/wp-json\/wp\/v2\/comments?post=313687"}],"version-history":[{"count":1,"href":"https:\/\/www.caririemacao.com\/1\/wp-json\/wp\/v2\/posts\/313687\/revisions"}],"predecessor-version":[{"id":313689,"href":"https:\/\/www.caririemacao.com\/1\/wp-json\/wp\/v2\/posts\/313687\/revisions\/313689"}],"wp:featuredmedia":[{"embeddable":true,"href":"https:\/\/www.caririemacao.com\/1\/wp-json\/wp\/v2\/media\/313688"}],"wp:attachment":[{"href":"https:\/\/www.caririemacao.com\/1\/wp-json\/wp\/v2\/media?parent=313687"}],"wp:term":[{"taxonomy":"category","embeddable":true,"href":"https:\/\/www.caririemacao.com\/1\/wp-json\/wp\/v2\/categories?post=313687"},{"taxonomy":"post_tag","embeddable":true,"href":"https:\/\/www.caririemacao.com\/1\/wp-json\/wp\/v2\/tags?post=313687"}],"curies":[{"name":"wp","href":"https:\/\/api.w.org\/{rel}","templated":true}]}}