{"id":313693,"date":"2026-05-03T10:49:44","date_gmt":"2026-05-03T13:49:44","guid":{"rendered":"https:\/\/www.caririemacao.com\/1\/?p=313693"},"modified":"2026-05-03T10:49:44","modified_gmt":"2026-05-03T13:49:44","slug":"pernambuco-confirma-sexta-morte-relacionada-a-temporais","status":"publish","type":"post","link":"https:\/\/www.caririemacao.com\/1\/2026\/05\/03\/pernambuco-confirma-sexta-morte-relacionada-a-temporais\/","title":{"rendered":"Pernambuco confirma sexta morte relacionada a temporais"},"content":{"rendered":"<div class=\"header-noticia full-width\">\n<div class=\"linha-fina-noticia\" style=\"text-align: center;\"><em><strong>No estado da Para\u00edba, duas mortes foram registradas<\/strong><\/em><\/div>\n<\/div>\n<div class=\"container-autoria\" style=\"text-align: center;\"><\/div>\n<div>\n<p><strong>Subiu para seis o n\u00famero de mortos em Pernambuco por causa das fortes chuvas que atingem o estado.\u00a0<\/strong>Nesta tarde, o Corpo de Bombeiros Militar informou ter encontrado o corpo de um homem de 34 anos desaparecido desde a noite da \u00faltima sexta-feira (1\u00ba).<img decoding=\"async\" data-src=\"https:\/\/agenciabrasil.ebc.com.br\/ebc.png?id=1688202&amp;o=node\" src=\"data:image\/svg+xml;base64,PHN2ZyB3aWR0aD0iMSIgaGVpZ2h0PSIxIiB4bWxucz0iaHR0cDovL3d3dy53My5vcmcvMjAwMC9zdmciPjwvc3ZnPg==\" class=\"lazyload\" \/><img decoding=\"async\" data-src=\"https:\/\/agenciabrasil.ebc.com.br\/ebc.gif?id=1688202&amp;o=node\" src=\"data:image\/svg+xml;base64,PHN2ZyB3aWR0aD0iMSIgaGVpZ2h0PSIxIiB4bWxucz0iaHR0cDovL3d3dy53My5vcmcvMjAwMC9zdmciPjwvc3ZnPg==\" class=\"lazyload\" \/><\/p>\n<p>A v\u00edtima foi localizada no bairro Capibaribe, em S\u00e3o Louren\u00e7o da Mata, na regi\u00e3o metropolitana do Recife.\u00a0<strong>Mais cedo, a Defesa Civil do estado havia confirmado a quinta morte no Recife, no bairro Dois Unidos.<\/strong><\/p>\n<p><strong>O novo balan\u00e7o das ocorr\u00eancias aponta um total de 1.605 pessoas desabrigadas e 1.089 desalojadas em todo o estado.<\/strong><\/p>\n<h2>\u00c1reas mais afetadas<\/h2>\n<p>Os munic\u00edpios afetados com maior gravidade em Pernambuco incluem:<\/p>\n<ul>\n<li>Goiana, com 510 desabrigados e 994 desalojados;<\/li>\n<li>Recife, com 671 desabrigados;<\/li>\n<li>Olinda, com 170 desabrigados;<\/li>\n<li>Jaboat\u00e3o dos Guararapes, com 127 desabrigados;<\/li>\n<li>Timba\u00faba com 42 desabrigados e 52 desalojados;<\/li>\n<li>Igarassu com 27 desabrigados e 21 desalojados;<\/li>\n<li>Paulista 32 desabrigados e 11 desalojados;<\/li>\n<li>Camaragibe 5 desabrigados e 11 desalojados;<\/li>\n<li>Limoeiro 9 desabrigados; e<\/li>\n<li>Gl\u00f3ria do Goit\u00e1 12 desabrigados.<\/li>\n<\/ul>\n<h2>Situa\u00e7\u00e3o de emerg\u00eancia<\/h2>\n<p>A governadora de Pernambuco, Raquel Lyra decretou na tarde de ontem s\u00e1bado (2) situa\u00e7\u00e3o de emerg\u00eancia em Pernambuco e a medida ser\u00e1 publicada em edi\u00e7\u00e3o extra do <em>Di\u00e1rio Oficial do estado.<\/em><\/p>\n<p><a href=\"https:\/\/www.instagram.com\/p\/DX2PQbUoNKT\/?hl=pt\" target=\"_blank\" rel=\"noopener\">Em entrevista coletiva<\/a>, a governadora destacou que a decreta\u00e7\u00e3o da situa\u00e7\u00e3o de emerg\u00eancia vai acelerar a\u00e7\u00f5es e obras do Estado nos munic\u00edpios atingidos e permitir buscar investimentos necess\u00e1rios do governo federal para reconstruir o que foi destru\u00eddo pelas chuvas.<\/p>\n<p>A medida foi adotada ap\u00f3s reuni\u00f5es no Centro Integrado de Opera\u00e7\u00f5es de Defesa Social (CIODS), no Recife, com representantes da Defesa Civil Nacional, do Minist\u00e9rio da Integra\u00e7\u00e3o e do Desenvolvimento Regional (MIDR), representantes das defesas civis municipais e demais \u00f3rg\u00e3os estaduais envolvidos. Tamb\u00e9m foi realizada reuni\u00e3o online\u00a0com os prefeitos dos munic\u00edpios atingidos para alinhar estrat\u00e9gias e definir as pr\u00f3ximas a\u00e7\u00f5es.<\/p>\n<h2>Ajuda humanit\u00e1ria<\/h2>\n<p><strong>Ao todo, 29 abrigos foram ativados para acolhimento da popula\u00e7\u00e3o atingida.<\/strong><\/p>\n<p>Paralelamente, o Governo do Estado intensificou a distribui\u00e7\u00e3o de ajuda humanit\u00e1ria para as cidades atingidas. Em Goiana, foram entregues 150 colch\u00f5es, 300 len\u00e7\u00f3is, 38 kits de limpeza e 38 kits de higiene.<\/p>\n<h2>Para\u00edba<\/h2>\n<p><strong>Na Para\u00edba, tamb\u00e9m atingida pelos tempor\u00e1rias das \u00faltimas 48 horas, os impactos concentram-se principalmente nos munic\u00edpios de Conde, Jo\u00e3o Pessoa, Bayeux, Campina Grande, Ing\u00e1, Itabaiana, Mogeiro, Patos, S\u00e3o Jos\u00e9 dos Ramos, Sousa, Cajazeiras, Pilar e Cabedelo.<\/strong><\/p>\n<p>De acordo com informa\u00e7\u00f5es preliminares da Defesa Civil estadual, h\u00e1 registro de 1,5 mil fam\u00edlias desalojadas, 300 pessoas desabrigadas, cerca de 9 mil afetados e dois \u00f3bitos.<\/p>\n<p>Um comit\u00ea de crise foi instalado pelo governador da Para\u00edba, Lucas Ribeiro, com os \u00f3rg\u00e3os paraibanos envolvidos para tomar as provid\u00eancias necess\u00e1rias nos munic\u00edpios afetados pelas chuvas intensas.<\/p>\n<h2>Recursos<\/h2>\n<p>A Defesa Civil Nacional informou neste s\u00e1bado que vem orientando os munic\u00edpios afetados pelas chuvas em Pernambuco sobre como acessar recursos federais.<\/p>\n<p>Segundo o Minist\u00e9rio da Integra\u00e7\u00e3o e do Desenvolvimento Regional (MIDR), estados e munic\u00edpios que tiverem o reconhecimento de situa\u00e7\u00e3o de emerg\u00eancia ou estado de calamidade p\u00fablica podem solicitar recursos para a\u00e7\u00f5es de defesa civil.<\/p>\n<p>Os pedidos devem ser feitos pelo Sistema Integrado de Informa\u00e7\u00f5es sobre Desastres (S2iD). A partir dos planos de trabalho enviados, a equipe t\u00e9cnica da Defesa Civil avalia as metas e valores propostos. Ap\u00f3s aprova\u00e7\u00e3o, os repasses s\u00e3o formalizados em portarias a serem publicadas no Di\u00e1rio Oficial da Uni\u00e3o, liberando os valores correspondentes.<\/p>\n<p>FONTE: Ag\u00eancia Brasil<\/p>\n<\/div>\n","protected":false},"excerpt":{"rendered":"<p>No estado da Para\u00edba, duas mortes foram registradas Subiu para seis o n\u00famero de mortos em Pernambuco por causa das fortes chuvas que atingem o&hellip; <\/p>\n","protected":false},"author":6,"featured_media":313694,"comment_status":"closed","ping_status":"closed","sticky":false,"template":"","format":"standard","meta":{"sfsi_plus_gutenberg_text_before_share":"","sfsi_plus_gutenberg_show_text_before_share":"","sfsi_plus_gutenberg_icon_type":"","sfsi_plus_gutenberg_icon_alignemt":"","sfsi_plus_gutenburg_max_per_row":"","footnotes":""},"categories":[50,104,125],"tags":[],"class_list":["post-313693","post","type-post","status-publish","format-standard","has-post-thumbnail","hentry","category-destaque","category-paraiba","category-pernambuco"],"_links":{"self":[{"href":"https:\/\/www.caririemacao.com\/1\/wp-json\/wp\/v2\/posts\/313693","targetHints":{"allow":["GET"]}}],"collection":[{"href":"https:\/\/www.caririemacao.com\/1\/wp-json\/wp\/v2\/posts"}],"about":[{"href":"https:\/\/www.caririemacao.com\/1\/wp-json\/wp\/v2\/types\/post"}],"author":[{"embeddable":true,"href":"https:\/\/www.caririemacao.com\/1\/wp-json\/wp\/v2\/users\/6"}],"replies":[{"embeddable":true,"href":"https:\/\/www.caririemacao.com\/1\/wp-json\/wp\/v2\/comments?post=313693"}],"version-history":[{"count":1,"href":"https:\/\/www.caririemacao.com\/1\/wp-json\/wp\/v2\/posts\/313693\/revisions"}],"predecessor-version":[{"id":313695,"href":"https:\/\/www.caririemacao.com\/1\/wp-json\/wp\/v2\/posts\/313693\/revisions\/313695"}],"wp:featuredmedia":[{"embeddable":true,"href":"https:\/\/www.caririemacao.com\/1\/wp-json\/wp\/v2\/media\/313694"}],"wp:attachment":[{"href":"https:\/\/www.caririemacao.com\/1\/wp-json\/wp\/v2\/media?parent=313693"}],"wp:term":[{"taxonomy":"category","embeddable":true,"href":"https:\/\/www.caririemacao.com\/1\/wp-json\/wp\/v2\/categories?post=313693"},{"taxonomy":"post_tag","embeddable":true,"href":"https:\/\/www.caririemacao.com\/1\/wp-json\/wp\/v2\/tags?post=313693"}],"curies":[{"name":"wp","href":"https:\/\/api.w.org\/{rel}","templated":true}]}}