{"id":313696,"date":"2026-05-03T10:53:51","date_gmt":"2026-05-03T13:53:51","guid":{"rendered":"https:\/\/www.caririemacao.com\/1\/?p=313696"},"modified":"2026-05-03T10:53:51","modified_gmt":"2026-05-03T13:53:51","slug":"governo-federal-envia-equipes-para-apoiar-cidades-atingidas-pelas-chuvas-na-pb","status":"publish","type":"post","link":"https:\/\/www.caririemacao.com\/1\/2026\/05\/03\/governo-federal-envia-equipes-para-apoiar-cidades-atingidas-pelas-chuvas-na-pb\/","title":{"rendered":"Governo Federal envia equipes para apoiar cidades atingidas pelas chuvas na PB"},"content":{"rendered":"<p>Equipes do Governo Federal chegam \u00e0 Para\u00edba neste domingo (3) para refor\u00e7ar o apoio aos munic\u00edpios atingidos pelas fortes chuvas dos \u00faltimos dias. T\u00e9cnicos da Secretaria Nacional de Prote\u00e7\u00e3o e Defesa Civil (Sedec) devem orientar as Prefeituras sobre o reconhecimento de emerg\u00eancia, assist\u00eancia humanit\u00e1ria e a\u00e7\u00f5es para reestabelecer a normalidade.<\/p>\n<p>\u201cA miss\u00e3o aqui do Governo Federal \u00e9 prestar apoio. Inicialmente, estamos na fase de levantamento de danos, tentando identificar as demandas e orientar o Estado e os munic\u00edpios para que possam solicitar recursos para a\u00e7\u00f5es de assist\u00eancia humanit\u00e1ria, restabelecimento e reconstru\u00e7\u00e3o\u201d, explicou o diretor do Departamento de Obras de Prote\u00e7\u00e3o e Defesa Civil da Sedec, Paulo Roberto Farias Falc\u00e3o.<\/p>\n<p>Durante conversa com o senador Veneziano Vital (MDB), nesse s\u00e1bado (2), o ministro da Integra\u00e7\u00e3o e do Desenvolvimento Regional, Waldez G\u00f3es, afirmou que o governo federal trabalha para reconhecer de forma imediata situa\u00e7\u00f5es de emerg\u00eancia nas cidades paraibanas. \u201cEsse \u00e9 um passo fundamental, pois permite mobilizar toda a estrutura do Governo Federal \u2013 desde as For\u00e7as Armadas e a Defesa Civil Nacional, no atendimento \u00e0 ajuda humanit\u00e1ria, at\u00e9 as a\u00e7\u00f5es necess\u00e1rias para o restabelecimento da normalidade\u201d, disse o ministro.<\/p>\n<p>Segundo o balan\u00e7o mais recente da Defesa Civil estadual, a Para\u00edba registra aproximadamente 16,1 mil pessoas afetadas pelas chuvas, al\u00e9m de 624 desalojados, 703 desabrigados e dois \u00f3bitos. Os maiores impactos concentram-se nos munic\u00edpios de Bayeux, Rio Tinto, Mamanguape, Sap\u00e9, Ing\u00e1, Jo\u00e3o Pessoa e Cabedelo.<\/p>\n<p>FONTE: MaisPB<\/p>\n","protected":false},"excerpt":{"rendered":"<p>Equipes do Governo Federal chegam \u00e0 Para\u00edba neste domingo (3) para refor\u00e7ar o apoio aos munic\u00edpios atingidos pelas fortes chuvas dos \u00faltimos dias. T\u00e9cnicos da&hellip; <\/p>\n","protected":false},"author":6,"featured_media":313697,"comment_status":"closed","ping_status":"closed","sticky":false,"template":"","format":"standard","meta":{"sfsi_plus_gutenberg_text_before_share":"","sfsi_plus_gutenberg_show_text_before_share":"","sfsi_plus_gutenberg_icon_type":"","sfsi_plus_gutenberg_icon_alignemt":"","sfsi_plus_gutenburg_max_per_row":"","footnotes":""},"categories":[50,118],"tags":[],"class_list":["post-313696","post","type-post","status-publish","format-standard","has-post-thumbnail","hentry","category-destaque","category-governo"],"_links":{"self":[{"href":"https:\/\/www.caririemacao.com\/1\/wp-json\/wp\/v2\/posts\/313696","targetHints":{"allow":["GET"]}}],"collection":[{"href":"https:\/\/www.caririemacao.com\/1\/wp-json\/wp\/v2\/posts"}],"about":[{"href":"https:\/\/www.caririemacao.com\/1\/wp-json\/wp\/v2\/types\/post"}],"author":[{"embeddable":true,"href":"https:\/\/www.caririemacao.com\/1\/wp-json\/wp\/v2\/users\/6"}],"replies":[{"embeddable":true,"href":"https:\/\/www.caririemacao.com\/1\/wp-json\/wp\/v2\/comments?post=313696"}],"version-history":[{"count":1,"href":"https:\/\/www.caririemacao.com\/1\/wp-json\/wp\/v2\/posts\/313696\/revisions"}],"predecessor-version":[{"id":313698,"href":"https:\/\/www.caririemacao.com\/1\/wp-json\/wp\/v2\/posts\/313696\/revisions\/313698"}],"wp:featuredmedia":[{"embeddable":true,"href":"https:\/\/www.caririemacao.com\/1\/wp-json\/wp\/v2\/media\/313697"}],"wp:attachment":[{"href":"https:\/\/www.caririemacao.com\/1\/wp-json\/wp\/v2\/media?parent=313696"}],"wp:term":[{"taxonomy":"category","embeddable":true,"href":"https:\/\/www.caririemacao.com\/1\/wp-json\/wp\/v2\/categories?post=313696"},{"taxonomy":"post_tag","embeddable":true,"href":"https:\/\/www.caririemacao.com\/1\/wp-json\/wp\/v2\/tags?post=313696"}],"curies":[{"name":"wp","href":"https:\/\/api.w.org\/{rel}","templated":true}]}}