{"id":31392,"date":"2017-10-24T00:30:57","date_gmt":"2017-10-24T03:30:57","guid":{"rendered":"http:\/\/caririemacao.com\/1\/?p=31392"},"modified":"2017-10-24T09:00:45","modified_gmt":"2017-10-24T12:00:45","slug":"cassio-destina-r-300-mil-ao-cisco-e-prefeito-jefferson-roberto-comemora","status":"publish","type":"post","link":"https:\/\/www.caririemacao.com\/1\/2017\/10\/24\/cassio-destina-r-300-mil-ao-cisco-e-prefeito-jefferson-roberto-comemora\/","title":{"rendered":"C\u00e1ssio destina R$ 300 mil ao Cisco e prefeito Jefferson Roberto comemora"},"content":{"rendered":"<p>O prefeito de S\u00e3o Jos\u00e9 dos Cordeiros e presidente do CISCO, Jefferson Roberto, retornou de Bras\u00edlia e comemorou os frutos da viagem institucional realizada em nome do cons\u00f3rcio. O gestor visitou o gabinete de deputados e senadores e conseguiu com o senador C\u00e1ssio Cunha Lima uma emenda individual no valor R$ 300 mil para aparelhagem e melhorias nos servi\u00e7os prestados pelo CISCO.<\/p>\n<p>O senador havia garantido destinar um recurso ao cons\u00f3rcio e no final da estadia do prefeito Jefferson, C\u00e1ssio enviou o comprovante da emenda com o valor destinado. Al\u00e9m desta emenda, o deputado federal Welington Roberto conseguiu articular a inclus\u00e3o de recursos na emenda de bancada para a constru\u00e7\u00e3o de barragens nos munic\u00edpios atendidos pelo CISCO.<\/p>\n<p>Jefferson destacou que aproveitou a ida a Bras\u00edlia para destravar recursos para o munic\u00edpio de S\u00e3o Jos\u00e9 dos Cordeiros e conseguiu liberar verbas para pagamento do portal j\u00e1 constru\u00eddo na cidade, como tamb\u00e9m uma nova emenda de R$ 81 mil destinada a constru\u00e7\u00e3o de nova academia de sa\u00fade. A verba foi destinada pelo deputado Welington Roberto.<\/p>\n<p>\u201cN\u00f3s vamos superar a crise com criatividade, honestidade e sem demagogia. Vamos continuar lutando por novos benef\u00edcios para o munic\u00edpio e superando as adversidades que o cen\u00e1rio econ\u00f4mico nacional est\u00e1 nos impondo. F\u00e9 em Deus e com muito trabalho superaremos todos os obst\u00e1culos\u201d, pontuou.<\/p>\n<p><strong>Leia mais not\u00edcias em\u00a0<\/strong><a href=\"http:\/\/www.caririemacao.com\/\"><strong>caririemacao.com<\/strong><\/a><strong>, siga nossa p\u00e1gina no\u00a0<\/strong><a href=\"https:\/\/www.facebook.com\/CaririEmAcao\/?ref=aymt_homepage_panel\"><strong>Facebook<\/strong><\/a>,<strong>\u00a0<\/strong><a href=\"https:\/\/www.instagram.com\/cariri_em_acao\/?hl=pt-br\"><strong>Instagram<\/strong><\/a><strong>\u00a0e <\/strong><a href=\"https:\/\/www.youtube.com\/channel\/UCAptA0jQuYQy8vMhLt2m4qg\"><strong>Youtube<\/strong><\/a><strong>\u00a0e veja nossas mat\u00e9rias, v\u00eddeos e fotos. Voc\u00ea tamb\u00e9m pode enviar informa\u00e7\u00f5es \u00e0 Reda\u00e7\u00e3o do Portal Cariri em A\u00e7\u00e3o pelo WhatsApp (83) 9 9634.5791, (83) 9 9601-1162.<\/strong><\/p>\n<p><strong>CARIRI EM A\u00c7\u00c3O<\/strong><\/p>\n<p><em>Com <\/em><em>De Olho no Cariri<\/em><em>\/Foto: Reprodu\u00e7\u00e3o, Divulga\u00e7\u00e3o, Google\u00a0\u00a0 <\/em><\/p>\n","protected":false},"excerpt":{"rendered":"<p>O prefeito de S\u00e3o Jos\u00e9 dos Cordeiros e presidente do CISCO, Jefferson Roberto, retornou de Bras\u00edlia e comemorou os frutos da viagem institucional realizada em&hellip; <\/p>\n","protected":false},"author":2,"featured_media":31393,"comment_status":"closed","ping_status":"closed","sticky":false,"template":"","format":"standard","meta":{"sfsi_plus_gutenberg_text_before_share":"","sfsi_plus_gutenberg_show_text_before_share":"","sfsi_plus_gutenberg_icon_type":"","sfsi_plus_gutenberg_icon_alignemt":"","sfsi_plus_gutenburg_max_per_row":"","footnotes":""},"categories":[11],"tags":[],"class_list":["post-31392","post","type-post","status-publish","format-standard","has-post-thumbnail","hentry","category-politica"],"_links":{"self":[{"href":"https:\/\/www.caririemacao.com\/1\/wp-json\/wp\/v2\/posts\/31392","targetHints":{"allow":["GET"]}}],"collection":[{"href":"https:\/\/www.caririemacao.com\/1\/wp-json\/wp\/v2\/posts"}],"about":[{"href":"https:\/\/www.caririemacao.com\/1\/wp-json\/wp\/v2\/types\/post"}],"author":[{"embeddable":true,"href":"https:\/\/www.caririemacao.com\/1\/wp-json\/wp\/v2\/users\/2"}],"replies":[{"embeddable":true,"href":"https:\/\/www.caririemacao.com\/1\/wp-json\/wp\/v2\/comments?post=31392"}],"version-history":[{"count":0,"href":"https:\/\/www.caririemacao.com\/1\/wp-json\/wp\/v2\/posts\/31392\/revisions"}],"wp:featuredmedia":[{"embeddable":true,"href":"https:\/\/www.caririemacao.com\/1\/wp-json\/wp\/v2\/media\/31393"}],"wp:attachment":[{"href":"https:\/\/www.caririemacao.com\/1\/wp-json\/wp\/v2\/media?parent=31392"}],"wp:term":[{"taxonomy":"category","embeddable":true,"href":"https:\/\/www.caririemacao.com\/1\/wp-json\/wp\/v2\/categories?post=31392"},{"taxonomy":"post_tag","embeddable":true,"href":"https:\/\/www.caririemacao.com\/1\/wp-json\/wp\/v2\/tags?post=31392"}],"curies":[{"name":"wp","href":"https:\/\/api.w.org\/{rel}","templated":true}]}}