{"id":31395,"date":"2017-10-24T07:03:10","date_gmt":"2017-10-24T10:03:10","guid":{"rendered":"http:\/\/caririemacao.com\/1\/?p=31395"},"modified":"2017-10-24T09:07:08","modified_gmt":"2017-10-24T12:07:08","slug":"congresso-deve-analisar-vetos-presidenciais-e-creditos-extraordinarios-nesta-terca","status":"publish","type":"post","link":"https:\/\/www.caririemacao.com\/1\/2017\/10\/24\/congresso-deve-analisar-vetos-presidenciais-e-creditos-extraordinarios-nesta-terca\/","title":{"rendered":"Congresso deve analisar vetos presidenciais e cr\u00e9ditos extraordin\u00e1rios nesta ter\u00e7a"},"content":{"rendered":"<p>Al\u00e9m da leitura da den\u00fancia contra o presidente, Michel Temer, est\u00e3o previstas para esta ter\u00e7a-feira (24) vota\u00e7\u00f5es importantes no Congresso.<br \/>\nEntre elas, uma sess\u00e3o conjunta de deputados e senadores, prevista par esta noite (24) quando ser\u00e3o apreciados seis vetos presidenciais e aberturas de cr\u00e9ditos extraordin\u00e1rios ao or\u00e7amento.<\/p>\n<p><strong>Leia mais not\u00edcias em\u00a0<\/strong><a href=\"http:\/\/www.caririemacao.com\/\"><strong>caririemacao.com<\/strong><\/a><strong>, siga nossa p\u00e1gina no\u00a0<\/strong><a href=\"https:\/\/www.facebook.com\/CaririEmAcao\/?ref=aymt_homepage_panel\"><strong>Facebook<\/strong><\/a>,<strong>\u00a0<\/strong><a href=\"https:\/\/www.instagram.com\/cariri_em_acao\/?hl=pt-br\"><strong>Instagram<\/strong><\/a><strong>\u00a0e <\/strong><a href=\"https:\/\/www.youtube.com\/channel\/UCAptA0jQuYQy8vMhLt2m4qg\"><strong>Youtube<\/strong><\/a><strong>\u00a0e veja nossas mat\u00e9rias, v\u00eddeos e fotos. Voc\u00ea tamb\u00e9m pode enviar informa\u00e7\u00f5es \u00e0 Reda\u00e7\u00e3o do Portal Cariri em A\u00e7\u00e3o pelo WhatsApp (83) 9 9634.5791, (83) 9 9601-1162.<\/strong><\/p>\n<p><strong>CARIRI EM A\u00c7\u00c3O<\/strong><\/p>\n<p><em>Com <\/em><em>EBC<\/em><em>\/Foto: Reprodu\u00e7\u00e3o, Divulga\u00e7\u00e3o, Google\u00a0\u00a0 <\/em><\/p>\n","protected":false},"excerpt":{"rendered":"<p>Al\u00e9m da leitura da den\u00fancia contra o presidente, Michel Temer, est\u00e3o previstas para esta ter\u00e7a-feira (24) vota\u00e7\u00f5es importantes no Congresso. Entre elas, uma sess\u00e3o conjunta&hellip; <\/p>\n","protected":false},"author":2,"featured_media":31396,"comment_status":"closed","ping_status":"closed","sticky":false,"template":"","format":"standard","meta":{"sfsi_plus_gutenberg_text_before_share":"","sfsi_plus_gutenberg_show_text_before_share":"","sfsi_plus_gutenberg_icon_type":"","sfsi_plus_gutenberg_icon_alignemt":"","sfsi_plus_gutenburg_max_per_row":"","footnotes":""},"categories":[2],"tags":[],"class_list":["post-31395","post","type-post","status-publish","format-standard","has-post-thumbnail","hentry","category-geral"],"_links":{"self":[{"href":"https:\/\/www.caririemacao.com\/1\/wp-json\/wp\/v2\/posts\/31395","targetHints":{"allow":["GET"]}}],"collection":[{"href":"https:\/\/www.caririemacao.com\/1\/wp-json\/wp\/v2\/posts"}],"about":[{"href":"https:\/\/www.caririemacao.com\/1\/wp-json\/wp\/v2\/types\/post"}],"author":[{"embeddable":true,"href":"https:\/\/www.caririemacao.com\/1\/wp-json\/wp\/v2\/users\/2"}],"replies":[{"embeddable":true,"href":"https:\/\/www.caririemacao.com\/1\/wp-json\/wp\/v2\/comments?post=31395"}],"version-history":[{"count":0,"href":"https:\/\/www.caririemacao.com\/1\/wp-json\/wp\/v2\/posts\/31395\/revisions"}],"wp:featuredmedia":[{"embeddable":true,"href":"https:\/\/www.caririemacao.com\/1\/wp-json\/wp\/v2\/media\/31396"}],"wp:attachment":[{"href":"https:\/\/www.caririemacao.com\/1\/wp-json\/wp\/v2\/media?parent=31395"}],"wp:term":[{"taxonomy":"category","embeddable":true,"href":"https:\/\/www.caririemacao.com\/1\/wp-json\/wp\/v2\/categories?post=31395"},{"taxonomy":"post_tag","embeddable":true,"href":"https:\/\/www.caririemacao.com\/1\/wp-json\/wp\/v2\/tags?post=31395"}],"curies":[{"name":"wp","href":"https:\/\/api.w.org\/{rel}","templated":true}]}}