{"id":31398,"date":"2017-10-24T07:11:01","date_gmt":"2017-10-24T10:11:01","guid":{"rendered":"http:\/\/caririemacao.com\/1\/?p=31398"},"modified":"2017-10-24T09:13:37","modified_gmt":"2017-10-24T12:13:37","slug":"supremo-decide-hoje-sobre-extradicao-de-cesare-battisti","status":"publish","type":"post","link":"https:\/\/www.caririemacao.com\/1\/2017\/10\/24\/supremo-decide-hoje-sobre-extradicao-de-cesare-battisti\/","title":{"rendered":"Supremo decide hoje sobre extradi\u00e7\u00e3o de Cesare Battisti"},"content":{"rendered":"<p>A Primeira Turma do Supremo Tribunal Federal (STF) deve decidir hoje (24) sobre a extradi\u00e7\u00e3o do ex-ativista Cesare Battisti para a It\u00e1lia. O caso voltou \u00e0 tona no in\u00edcio do m\u00eas, quando Battisti foi preso e indiciado pela Pol\u00edcia Federal (PF) pelos crimes de evas\u00e3o de divisas e lavagem de dinheiro. Ele foi detido em Corumb\u00e1 (MS), quando tentava atravessar a fronteira com a Bol\u00edvia com euros e d\u00f3lares n\u00e3o declarados, mas ganhou o direito de aguardar o desfecho do processo em liberdade.<\/p>\n<p>No dia 13 de outubro, o ministro relator do caso, Luiz Fux, atendeu a pedido feito pelos advogados do italiano e decidiu suspender eventual decis\u00e3o do governo brasileiro para extraditar Battisti at\u00e9 a decis\u00e3o final da Corte.<\/p>\n<p>Tamb\u00e9m fazem parte do colegiado os ministros Marco Aur\u00e9lio, Rosa Weber e Alexandre de Moraes. O ministro Lu\u00eds Roberto Barroso atuou como advogado de Battisti em 2009, quando o STF julgou o caso pela primeira vez, e dever\u00e1 ficar impedido de julgar o italiano. Dessa forma, o colegiado atuar\u00e1 com quatro votantes. Um empate, que pode beneficiar Battisti, n\u00e3o est\u00e1 descartado.<\/p>\n<p>Outra possibilidade \u00e9 uma proposta de quest\u00e3o de ordem durante a sess\u00e3o, para que a extradi\u00e7\u00e3o seja julgada pelo plen\u00e1rio da Corte, composto por 11 ministros.<\/p>\n<p>Em parecer enviado ontem (23) ao STF, a Advocacia-Geral da Uni\u00e3o (AGU) defendeu que o ato de Lula que garantiu a perman\u00eancia de Battisti pode ser revisto. No entendimento da AGU, a \u00faltima palavra sobre a quest\u00e3o \u00e9 do presidente Michel Temer.<\/p>\n<p>Durante o julgamento, a defesa do Cesare Battisti dever\u00e1 sustentar que ele n\u00e3o pode ser expulso do pa\u00eds porque tem um filho brasileiro, fato que impediria a entrega \u00e0 It\u00e1lia, de acordo com a jurisprud\u00eancia do STF.<\/p>\n<p><strong>Hist\u00f3rico<\/strong><\/p>\n<p>Battisti foi condenado na It\u00e1lia \u00e0 pris\u00e3o perp\u00e9tua por homic\u00eddio, quando integrava o grupo Proletariados Armados pelo Comunismo. Ele chegou ao Brasil em 2004, onde foi preso tr\u00eas anos depois. O governo italiano pediu a extradi\u00e7\u00e3o do ex-ativista, aceita pelo Supremo. Contudo, no \u00faltimo dia de seu mandato, em dezembro 2010, o ent\u00e3o presidente Luiz In\u00e1cio Lula da Silva decidiu que Battisti deveria ficar no Brasil, e o ato foi confirmado pelo STF.<\/p>\n<p>A Corte entendeu que a \u00faltima palavra no caso deveria ser do presidente, porque se tratava de um tema de soberania nacional. Battisti saiu da Penitenci\u00e1ria da Papuda, em Bras\u00edlia, em 9 de junho 2011, onde estava desde 2007. Em agosto daquele ano, o italiano obteve o visto de perman\u00eancia do Conselho Nacional de Imigra\u00e7\u00e3o.<\/p>\n<p><strong>Leia mais not\u00edcias em\u00a0<\/strong><a href=\"http:\/\/www.caririemacao.com\/\"><strong>caririemacao.com<\/strong><\/a><strong>, siga nossa p\u00e1gina no\u00a0<\/strong><a href=\"https:\/\/www.facebook.com\/CaririEmAcao\/?ref=aymt_homepage_panel\"><strong>Facebook<\/strong><\/a>,<strong>\u00a0<\/strong><a href=\"https:\/\/www.instagram.com\/cariri_em_acao\/?hl=pt-br\"><strong>Instagram<\/strong><\/a><strong>\u00a0e <\/strong><a href=\"https:\/\/www.youtube.com\/channel\/UCAptA0jQuYQy8vMhLt2m4qg\"><strong>Youtube<\/strong><\/a><strong>\u00a0e veja nossas mat\u00e9rias, v\u00eddeos e fotos. Voc\u00ea tamb\u00e9m pode enviar informa\u00e7\u00f5es \u00e0 Reda\u00e7\u00e3o do Portal Cariri em A\u00e7\u00e3o pelo WhatsApp (83) 9 9634.5791, (83) 9 9601-1162.<\/strong><\/p>\n<p><strong>CARIRI EM A\u00c7\u00c3O<\/strong><\/p>\n<p><em>Com <\/em><em>Ag\u00eancia Brasil<\/em><em>\/Foto: Reprodu\u00e7\u00e3o, Divulga\u00e7\u00e3o, Google\u00a0\u00a0 <\/em><\/p>\n","protected":false},"excerpt":{"rendered":"<p>A Primeira Turma do Supremo Tribunal Federal (STF) deve decidir hoje (24) sobre a extradi\u00e7\u00e3o do ex-ativista Cesare Battisti para a It\u00e1lia. O caso voltou&hellip; <\/p>\n","protected":false},"author":2,"featured_media":31399,"comment_status":"closed","ping_status":"closed","sticky":false,"template":"","format":"standard","meta":{"sfsi_plus_gutenberg_text_before_share":"","sfsi_plus_gutenberg_show_text_before_share":"","sfsi_plus_gutenberg_icon_type":"","sfsi_plus_gutenberg_icon_alignemt":"","sfsi_plus_gutenburg_max_per_row":"","footnotes":""},"categories":[2],"tags":[],"class_list":["post-31398","post","type-post","status-publish","format-standard","has-post-thumbnail","hentry","category-geral"],"_links":{"self":[{"href":"https:\/\/www.caririemacao.com\/1\/wp-json\/wp\/v2\/posts\/31398","targetHints":{"allow":["GET"]}}],"collection":[{"href":"https:\/\/www.caririemacao.com\/1\/wp-json\/wp\/v2\/posts"}],"about":[{"href":"https:\/\/www.caririemacao.com\/1\/wp-json\/wp\/v2\/types\/post"}],"author":[{"embeddable":true,"href":"https:\/\/www.caririemacao.com\/1\/wp-json\/wp\/v2\/users\/2"}],"replies":[{"embeddable":true,"href":"https:\/\/www.caririemacao.com\/1\/wp-json\/wp\/v2\/comments?post=31398"}],"version-history":[{"count":0,"href":"https:\/\/www.caririemacao.com\/1\/wp-json\/wp\/v2\/posts\/31398\/revisions"}],"wp:featuredmedia":[{"embeddable":true,"href":"https:\/\/www.caririemacao.com\/1\/wp-json\/wp\/v2\/media\/31399"}],"wp:attachment":[{"href":"https:\/\/www.caririemacao.com\/1\/wp-json\/wp\/v2\/media?parent=31398"}],"wp:term":[{"taxonomy":"category","embeddable":true,"href":"https:\/\/www.caririemacao.com\/1\/wp-json\/wp\/v2\/categories?post=31398"},{"taxonomy":"post_tag","embeddable":true,"href":"https:\/\/www.caririemacao.com\/1\/wp-json\/wp\/v2\/tags?post=31398"}],"curies":[{"name":"wp","href":"https:\/\/api.w.org\/{rel}","templated":true}]}}