{"id":314550,"date":"2026-05-19T16:31:41","date_gmt":"2026-05-19T19:31:41","guid":{"rendered":"https:\/\/www.caririemacao.com\/1\/?p=314550"},"modified":"2026-05-19T16:31:41","modified_gmt":"2026-05-19T19:31:41","slug":"articulacao-do-caririzeiro-renio-gomes-no-ministerio-do-esporte-ganha-destaque-na-marcha-dos-municipios","status":"publish","type":"post","link":"https:\/\/www.caririemacao.com\/1\/2026\/05\/19\/articulacao-do-caririzeiro-renio-gomes-no-ministerio-do-esporte-ganha-destaque-na-marcha-dos-municipios\/","title":{"rendered":"Articula\u00e7\u00e3o do caririzeiro  R\u00eanio Gomes no Minist\u00e9rio do Esporte ganha destaque na Marcha dos Munic\u00edpios"},"content":{"rendered":"<p style=\"text-align: justify;\">Em Bras\u00edlia o caririzeiro de Sum\u00e9, R\u00eanio Gomes, chefe de gabinete da Secretaria Executiva do Minist\u00e9rio do Esporte, participando das articula\u00e7\u00f5es e recep\u00e7\u00f5es das comitivas de munic\u00edpios, durante a agenda municipalista.<\/p>\n<p style=\"text-align: justify;\">A atua\u00e7\u00e3o de R\u00eanio em conjunto com as lideran\u00e7as sumeenses, j\u00e1 envolveu importantes frentes de trabalho. A exemplo a libera\u00e7\u00e3o de recursos, atrav\u00e9s de intermedia\u00e7\u00e3o para investimentos no Esporte, R$ 500 mil v\u00e3o para a reforma do Gin\u00e1sio de Esportes Municipal e outros R$ 500 mil para a reforma do Est\u00e1dio \u201cO Jacint\u00e3o\u201d.<\/p>\n<p style=\"text-align: justify;\">Sua contribui\u00e7\u00e3o eleva a import\u00e2ncia de pessoas que conhecem a regi\u00e3o do Cariri, principalmente ocupando cargos estrat\u00e9gicos do Governo Federal.<\/p>\n<p style=\"text-align: justify;\">\u201cFoi uma satisfa\u00e7\u00e3o encontrar um filho do Cariri realizando um excelente trabalho no governo federal. \u00c9 um t\u00e9cnico capacitado\u201d, disse durante o encontro, o jornalista Marivaldo Alcantara.<\/p>\n<p style=\"text-align: justify;\">O Cariri Em A\u00e7\u00e3o, segue na cobertura especial da Marcha dos Munic\u00edpios, neste segundo dia a programa\u00e7\u00e3o termina com o encontro das bancadas estaduais, iniciando as 17h30.<\/p>\n<p style=\"text-align: justify;\"><strong>CARIRI EM A\u00c7\u00c3O<\/strong><\/p>\n","protected":false},"excerpt":{"rendered":"<p>Em Bras\u00edlia o caririzeiro de Sum\u00e9, R\u00eanio Gomes, chefe de gabinete da Secretaria Executiva do Minist\u00e9rio do Esporte, participando das articula\u00e7\u00f5es e recep\u00e7\u00f5es das comitivas de munic\u00edpios, durante a agenda municipalista. A atua\u00e7\u00e3o de R\u00eanio em conjunto com as lideran\u00e7as sumeenses, j\u00e1 envolveu importantes frentes de trabalho. A exemplo a libera\u00e7\u00e3o de recursos, atrav\u00e9s de intermedia\u00e7\u00e3o para investimentos no Esporte, R$ 500 mil v\u00e3o para a reforma do Gin\u00e1sio de Esportes Municipal e outros R$ 500 mil para a reforma do Est\u00e1dio \u201cO Jacint\u00e3o\u201d. Sua contribui\u00e7\u00e3o eleva a import\u00e2ncia de pessoas que conhecem a regi\u00e3o do Cariri, principalmente ocupando cargos estrat\u00e9gicos do Governo Federal. \u201cFoi uma satisfa\u00e7\u00e3o encontrar um filho do Cariri realizando um excelente trabalho no governo federal. \u00c9 um t\u00e9cnico capacitado\u201d, disse durante o encontro, o jornalista Marivaldo Alcantara. O Cariri Em A\u00e7\u00e3o, segue na cobertura especial da Marcha dos Munic\u00edpios, neste segundo dia a programa\u00e7\u00e3o termina com o encontro das bancadas estaduais, iniciando as 17h30. CARIRI EM A\u00c7\u00c3O<\/p>\n","protected":false},"author":8,"featured_media":314551,"comment_status":"closed","ping_status":"closed","sticky":false,"template":"","format":"standard","meta":{"sfsi_plus_gutenberg_text_before_share":"","sfsi_plus_gutenberg_show_text_before_share":"","sfsi_plus_gutenberg_icon_type":"","sfsi_plus_gutenberg_icon_alignemt":"","sfsi_plus_gutenburg_max_per_row":"","footnotes":""},"categories":[50,95],"tags":[],"class_list":["post-314550","post","type-post","status-publish","format-standard","has-post-thumbnail","hentry","category-destaque","category-sume"],"_links":{"self":[{"href":"https:\/\/www.caririemacao.com\/1\/wp-json\/wp\/v2\/posts\/314550","targetHints":{"allow":["GET"]}}],"collection":[{"href":"https:\/\/www.caririemacao.com\/1\/wp-json\/wp\/v2\/posts"}],"about":[{"href":"https:\/\/www.caririemacao.com\/1\/wp-json\/wp\/v2\/types\/post"}],"author":[{"embeddable":true,"href":"https:\/\/www.caririemacao.com\/1\/wp-json\/wp\/v2\/users\/8"}],"replies":[{"embeddable":true,"href":"https:\/\/www.caririemacao.com\/1\/wp-json\/wp\/v2\/comments?post=314550"}],"version-history":[{"count":2,"href":"https:\/\/www.caririemacao.com\/1\/wp-json\/wp\/v2\/posts\/314550\/revisions"}],"predecessor-version":[{"id":314553,"href":"https:\/\/www.caririemacao.com\/1\/wp-json\/wp\/v2\/posts\/314550\/revisions\/314553"}],"wp:featuredmedia":[{"embeddable":true,"href":"https:\/\/www.caririemacao.com\/1\/wp-json\/wp\/v2\/media\/314551"}],"wp:attachment":[{"href":"https:\/\/www.caririemacao.com\/1\/wp-json\/wp\/v2\/media?parent=314550"}],"wp:term":[{"taxonomy":"category","embeddable":true,"href":"https:\/\/www.caririemacao.com\/1\/wp-json\/wp\/v2\/categories?post=314550"},{"taxonomy":"post_tag","embeddable":true,"href":"https:\/\/www.caririemacao.com\/1\/wp-json\/wp\/v2\/tags?post=314550"}],"curies":[{"name":"wp","href":"https:\/\/api.w.org\/{rel}","templated":true}]}}