{"id":314557,"date":"2026-05-19T17:54:28","date_gmt":"2026-05-19T20:54:28","guid":{"rendered":"https:\/\/www.caririemacao.com\/1\/?p=314557"},"modified":"2026-05-19T17:59:19","modified_gmt":"2026-05-19T20:59:19","slug":"vice-prefeito-de-monteiro-cajo-destaca-defesa-do-nordeste-durante-participacao-na-marcha-dos-municipios","status":"publish","type":"post","link":"https:\/\/www.caririemacao.com\/1\/2026\/05\/19\/vice-prefeito-de-monteiro-cajo-destaca-defesa-do-nordeste-durante-participacao-na-marcha-dos-municipios\/","title":{"rendered":"Vice-prefeito de Monteiro, Caj\u00f3 destaca defesa do Nordeste durante participa\u00e7\u00e3o na Marcha dos Munic\u00edpios"},"content":{"rendered":"<p data-start=\"118\" data-end=\"355\">O vice-prefeito de Monteiro, Caj\u00f3 Menezes, participa da XXVII Marcha a Bras\u00edlia em Defesa dos Munic\u00edpios, evento promovido pela Confedera\u00e7\u00e3o Nacional de Munic\u00edpios (CNM), que re\u00fane gestores e lideran\u00e7as de todo o pa\u00eds na capital federal.<\/p>\n<p data-start=\"359\" data-end=\"555\">Ao lado da prefeita Ana Paula, da ex-prefeita Anna Lorena e de integrantes da gest\u00e3o municipal, Caj\u00f3 acompanha a programa\u00e7\u00e3o da Marcha, considerada um dos maiores eventos municipalistas do Brasil.<\/p>\n<p data-start=\"559\" data-end=\"727\">Segundo o vice-prefeito, o encontro representa um momento importante de integra\u00e7\u00e3o entre os munic\u00edpios e de fortalecimento das pautas em defesa das cidades nordestinas.<\/p>\n<p data-start=\"731\" data-end=\"903\">\u201cA Marcha \u00e9 uma oportunidade de integra\u00e7\u00e3o, onde a gente aprende, troca experi\u00eancias e tamb\u00e9m mostra a valoriza\u00e7\u00e3o da nossa regi\u00e3o e da nossa cidade de Monteiro\u201d, destacou.<\/p>\n<p data-start=\"907\" data-end=\"1115\">Durante a participa\u00e7\u00e3o no evento, Caj\u00f3 Menezes ressaltou a necessidade de um olhar mais atento do Governo Federal para os munic\u00edpios do Nordeste, especialmente diante das dificuldades enfrentadas pela regi\u00e3o.<\/p>\n<p data-start=\"1119\" data-end=\"1377\">\u201cA valoriza\u00e7\u00e3o dos munic\u00edpios \u00e9 uma luta constante dos gestores. \u00c9 importante que o Governo Federal tenha um olhar diferenciado principalmente para os prefeitos e munic\u00edpios do Nordeste, tendo em vista toda a problem\u00e1tica clim\u00e1tica que enfrentamos\u201d, afirmou.<\/p>\n<p data-start=\"1381\" data-end=\"1615\">O vice-prefeito tamb\u00e9m destacou que uma das principais pautas debatidas pela comitiva de Monteiro \u00e9 a amplia\u00e7\u00e3o do aproveitamento das \u00e1guas da transposi\u00e7\u00e3o do Rio S\u00e3o Francisco para fortalecer a irriga\u00e7\u00e3o e o desenvolvimento regional.<\/p>\n<p data-start=\"1619\" data-end=\"1911\">\u201cHoje teremos reuni\u00e3o no Minist\u00e9rio da Agricultura e uma das nossas grandes lutas \u00e9 justamente o melhor aproveitamento das \u00e1guas da transposi\u00e7\u00e3o do S\u00e3o Francisco para irriga\u00e7\u00e3o, seja por microaspers\u00e3o ou gotejamento. Estamos buscando melhorias para Monteiro e toda a nossa regi\u00e3o\u201d, ressaltou.<\/p>\n<p data-start=\"1915\" data-end=\"2087\">Caj\u00f3 Menezes afirmou ainda que a agenda em Bras\u00edlia tamb\u00e9m inclui reuni\u00f5es administrativas com deputados federais e senadores em busca de emendas e parcerias para Monteiro.<\/p>\n<p data-start=\"2091\" data-end=\"2289\" data-is-last-node=\"\" data-is-only-node=\"\">\u201cEstamos aproveitando a agenda administrativa para dialogar com deputados e senadores, buscando investimentos, emendas e parcerias importantes para o nosso munic\u00edpio e para toda a regi\u00e3o\u201d, concluiu.<\/p>\n<p data-start=\"2091\" data-end=\"2289\" data-is-last-node=\"\" data-is-only-node=\"\"><strong>CARIRI EM A\u00c7\u00c3O<\/strong><\/p>\n","protected":false},"excerpt":{"rendered":"<p>O vice-prefeito de Monteiro, Caj\u00f3 Menezes, participa da XXVII Marcha a Bras\u00edlia em Defesa dos Munic\u00edpios, evento promovido pela Confedera\u00e7\u00e3o Nacional de Munic\u00edpios (CNM), que re\u00fane gestores e lideran\u00e7as de todo o pa\u00eds na capital federal. Ao lado da prefeita Ana Paula, da ex-prefeita Anna Lorena e de integrantes da gest\u00e3o municipal, Caj\u00f3 acompanha a programa\u00e7\u00e3o da Marcha, considerada um dos maiores eventos municipalistas do Brasil. Segundo o vice-prefeito, o encontro representa um momento importante de integra\u00e7\u00e3o entre os munic\u00edpios e de fortalecimento das pautas em defesa das cidades nordestinas. \u201cA Marcha \u00e9 uma oportunidade de integra\u00e7\u00e3o, onde a gente aprende, troca experi\u00eancias e tamb\u00e9m mostra a valoriza\u00e7\u00e3o da nossa regi\u00e3o e da nossa cidade de Monteiro\u201d, destacou. Durante a participa\u00e7\u00e3o no evento, Caj\u00f3 Menezes ressaltou a necessidade de um olhar mais atento do Governo Federal para os munic\u00edpios do Nordeste, especialmente diante das dificuldades enfrentadas pela regi\u00e3o. \u201cA valoriza\u00e7\u00e3o dos munic\u00edpios \u00e9 uma luta constante dos gestores. \u00c9 importante que o Governo Federal tenha um olhar diferenciado principalmente para os prefeitos e munic\u00edpios do Nordeste, tendo em vista toda a problem\u00e1tica clim\u00e1tica que enfrentamos\u201d, afirmou. O vice-prefeito tamb\u00e9m destacou que uma das principais pautas debatidas pela comitiva de Monteiro \u00e9 a amplia\u00e7\u00e3o do aproveitamento das \u00e1guas da transposi\u00e7\u00e3o do Rio S\u00e3o Francisco para fortalecer a irriga\u00e7\u00e3o e o desenvolvimento regional. \u201cHoje teremos reuni\u00e3o no Minist\u00e9rio da Agricultura e uma das nossas grandes lutas \u00e9 justamente o melhor aproveitamento das \u00e1guas da transposi\u00e7\u00e3o do S\u00e3o Francisco para irriga\u00e7\u00e3o, seja por microaspers\u00e3o ou gotejamento. Estamos buscando melhorias para Monteiro e toda a nossa regi\u00e3o\u201d, ressaltou. Caj\u00f3 Menezes afirmou ainda que a agenda em Bras\u00edlia tamb\u00e9m inclui reuni\u00f5es administrativas com deputados federais e senadores em busca de emendas e parcerias para Monteiro. \u201cEstamos aproveitando a agenda administrativa para dialogar com deputados e senadores, buscando investimentos, emendas e parcerias importantes para o nosso munic\u00edpio e para toda a regi\u00e3o\u201d, concluiu. CARIRI EM A\u00c7\u00c3O<\/p>\n","protected":false},"author":6,"featured_media":314558,"comment_status":"closed","ping_status":"closed","sticky":false,"template":"","format":"standard","meta":{"sfsi_plus_gutenberg_text_before_share":"","sfsi_plus_gutenberg_show_text_before_share":"","sfsi_plus_gutenberg_icon_type":"","sfsi_plus_gutenberg_icon_alignemt":"","sfsi_plus_gutenburg_max_per_row":"","footnotes":""},"categories":[50,2,81],"tags":[],"class_list":["post-314557","post","type-post","status-publish","format-standard","has-post-thumbnail","hentry","category-destaque","category-geral","category-monteiro"],"_links":{"self":[{"href":"https:\/\/www.caririemacao.com\/1\/wp-json\/wp\/v2\/posts\/314557","targetHints":{"allow":["GET"]}}],"collection":[{"href":"https:\/\/www.caririemacao.com\/1\/wp-json\/wp\/v2\/posts"}],"about":[{"href":"https:\/\/www.caririemacao.com\/1\/wp-json\/wp\/v2\/types\/post"}],"author":[{"embeddable":true,"href":"https:\/\/www.caririemacao.com\/1\/wp-json\/wp\/v2\/users\/6"}],"replies":[{"embeddable":true,"href":"https:\/\/www.caririemacao.com\/1\/wp-json\/wp\/v2\/comments?post=314557"}],"version-history":[{"count":2,"href":"https:\/\/www.caririemacao.com\/1\/wp-json\/wp\/v2\/posts\/314557\/revisions"}],"predecessor-version":[{"id":314560,"href":"https:\/\/www.caririemacao.com\/1\/wp-json\/wp\/v2\/posts\/314557\/revisions\/314560"}],"wp:featuredmedia":[{"embeddable":true,"href":"https:\/\/www.caririemacao.com\/1\/wp-json\/wp\/v2\/media\/314558"}],"wp:attachment":[{"href":"https:\/\/www.caririemacao.com\/1\/wp-json\/wp\/v2\/media?parent=314557"}],"wp:term":[{"taxonomy":"category","embeddable":true,"href":"https:\/\/www.caririemacao.com\/1\/wp-json\/wp\/v2\/categories?post=314557"},{"taxonomy":"post_tag","embeddable":true,"href":"https:\/\/www.caririemacao.com\/1\/wp-json\/wp\/v2\/tags?post=314557"}],"curies":[{"name":"wp","href":"https:\/\/api.w.org\/{rel}","templated":true}]}}