{"id":314669,"date":"2026-05-21T06:00:36","date_gmt":"2026-05-21T09:00:36","guid":{"rendered":"https:\/\/www.caririemacao.com\/1\/?p=314669"},"modified":"2026-05-20T23:25:20","modified_gmt":"2026-05-21T02:25:20","slug":"ricardo-coutinho-revela-possibilidade-de-apoiar-pre-candidatura-de-lucas-ao-governo-vou-seguir-o-partido","status":"publish","type":"post","link":"https:\/\/www.caririemacao.com\/1\/2026\/05\/21\/ricardo-coutinho-revela-possibilidade-de-apoiar-pre-candidatura-de-lucas-ao-governo-vou-seguir-o-partido\/","title":{"rendered":"Ricardo Coutinho revela possibilidade de apoiar pr\u00e9-candidatura de Lucas ao governo: \u201cVou seguir o partido\u201d"},"content":{"rendered":"<p>O ex-governador Ricardo Coutinho (PT) admitiu a possibilidade de apoiar a pr\u00e9-candidatura do atual governador Lucas Ribeiro (PP) ao Governo do Estado nas elei\u00e7\u00f5es de 2026. Durante entrevista \u00e0 r\u00e1dio CBN Para\u00edba nesta quarta-feira (20), o pr\u00e9-candidato a deputado federal afirmou que vai respeitar e seguir a posi\u00e7\u00e3o do Diret\u00f3rio Estadual do PT, que decidiu prestar apoio \u00e0 atual gest\u00e3o estadual.<\/p>\n<p>Apesar do poss\u00edvel alinhamento, Ricardo deixou claro que defendia o lan\u00e7amento de uma candidatura pr\u00f3pria no primeiro turno.<\/p>\n<p>\u201cA minha percep\u00e7\u00e3o era que n\u00f3s, no primeiro turno, lan\u00e7\u00e1ssemos uma candidatura. Ningu\u00e9m respondeu \u00e0s minhas indaga\u00e7\u00f5es, essas duas. Por\u00e9m, o Diret\u00f3rio Estadual se re\u00fane e presta um apoio ao atual governante, ao atual governador Lucas. Enfim, eu vou seguir o que o partido disser\u201d, declarou.<\/p>\n<p>Durante a entrevista, Ricardo tamb\u00e9m refor\u00e7ou que pretende concentrar esfor\u00e7os na campanha do presidente Luiz In\u00e1cio Lula da Silva, na pr\u00f3pria candidatura \u00e0 C\u00e2mara Federal e no apoio \u00e0 reelei\u00e7\u00e3o do senador Veneziano Vital do R\u00eago (MDB).<\/p>\n<p>\u201cVou focar na campanha do presidente Lula, na minha campanha, vou focar no apoio \u00e0 candidatura de Veneziano, que eu acho importante. Veneziano cumpriu com aquilo a que se disp\u00f4s e \u00e9 preciso que a gente possa coloc\u00e1-lo novamente dentro do Senado\u201d, afirmou.<\/p>\n<p>Ao falar sobre a forma\u00e7\u00e3o da chapa majorit\u00e1ria e a disputa pelo Governo do Estado, Ricardo demonstrou cautela e voltou a enfatizar que respeitar\u00e1 as decis\u00f5es partid\u00e1rias.<\/p>\n<p>\u201cN\u00e3o tenho realmente pressa pela segunda vaga (para o Senado), e muito menos pela disputa ao governo. Na verdade, eu n\u00e3o acredito. Eu vou respeitar a posi\u00e7\u00e3o do partido, mas eu sou obrigado a dizer. Tenho 65 anos, tenho uma caminhada que n\u00e3o \u00e9 pequena. Preciso ser coerente com aquilo que eu penso e dizer aquilo que eu penso. Eu vou respeitar a posi\u00e7\u00e3o do partido, n\u00e3o posso ficar lutando por algo que n\u00e3o existe\u201d, pontuou.<\/p>\n<p>Coutinho ainda afirmou que a defini\u00e7\u00e3o pol\u00edtica dever\u00e1 passar pela decis\u00e3o do presidente Lula e da dire\u00e7\u00e3o nacional do PT.<\/p>\n<p>\u201cIsso vai ficar para tr\u00e1s quando o presidente Lula bater o martelo e quando a dire\u00e7\u00e3o nacional bater o martelo\u201d, concluiu.<\/p>\n<p>PB Agora<\/p>\n","protected":false},"excerpt":{"rendered":"<p>O ex-governador Ricardo Coutinho (PT) admitiu a possibilidade de apoiar a pr\u00e9-candidatura do atual governador Lucas Ribeiro (PP) ao Governo do Estado nas elei\u00e7\u00f5es de 2026. Durante entrevista \u00e0 r\u00e1dio CBN Para\u00edba nesta quarta-feira (20), o pr\u00e9-candidato a deputado federal afirmou que vai respeitar e seguir a posi\u00e7\u00e3o do Diret\u00f3rio Estadual do PT, que decidiu prestar apoio \u00e0 atual gest\u00e3o estadual. Apesar do poss\u00edvel alinhamento, Ricardo deixou claro que defendia o lan\u00e7amento de uma candidatura pr\u00f3pria no primeiro turno. \u201cA minha percep\u00e7\u00e3o era que n\u00f3s, no primeiro turno, lan\u00e7\u00e1ssemos uma candidatura. Ningu\u00e9m respondeu \u00e0s minhas indaga\u00e7\u00f5es, essas duas. Por\u00e9m, o Diret\u00f3rio Estadual se re\u00fane e presta um apoio ao atual governante, ao atual governador Lucas. Enfim, eu vou seguir o que o partido disser\u201d, declarou. Durante a entrevista, Ricardo tamb\u00e9m refor\u00e7ou que pretende concentrar esfor\u00e7os na campanha do presidente Luiz In\u00e1cio Lula da Silva, na pr\u00f3pria candidatura \u00e0 C\u00e2mara Federal e no apoio \u00e0 reelei\u00e7\u00e3o do senador Veneziano Vital do R\u00eago (MDB). \u201cVou focar na campanha do presidente Lula, na minha campanha, vou focar no apoio \u00e0 candidatura de Veneziano, que eu acho importante. Veneziano cumpriu com aquilo a que se disp\u00f4s e \u00e9 preciso que a gente possa coloc\u00e1-lo novamente dentro do Senado\u201d, afirmou. Ao falar sobre a forma\u00e7\u00e3o da chapa majorit\u00e1ria e a disputa pelo Governo do Estado, Ricardo demonstrou cautela e voltou a enfatizar que respeitar\u00e1 as decis\u00f5es partid\u00e1rias. \u201cN\u00e3o tenho realmente pressa pela segunda vaga (para o Senado), e muito menos pela disputa ao governo. Na verdade, eu n\u00e3o acredito. Eu vou respeitar a posi\u00e7\u00e3o do partido, mas eu sou obrigado a dizer. Tenho 65 anos, tenho uma caminhada que n\u00e3o \u00e9 pequena. Preciso ser coerente com aquilo que eu penso e dizer aquilo que eu penso. Eu vou respeitar a posi\u00e7\u00e3o do partido, n\u00e3o posso ficar lutando por algo que n\u00e3o existe\u201d, pontuou. Coutinho ainda afirmou que a defini\u00e7\u00e3o pol\u00edtica dever\u00e1 passar pela decis\u00e3o do presidente Lula e da dire\u00e7\u00e3o nacional do PT. \u201cIsso vai ficar para tr\u00e1s quando o presidente Lula bater o martelo e quando a dire\u00e7\u00e3o nacional bater o martelo\u201d, concluiu. PB Agora<\/p>\n","protected":false},"author":6,"featured_media":314670,"comment_status":"closed","ping_status":"closed","sticky":false,"template":"","format":"standard","meta":{"sfsi_plus_gutenberg_text_before_share":"","sfsi_plus_gutenberg_show_text_before_share":"","sfsi_plus_gutenberg_icon_type":"","sfsi_plus_gutenberg_icon_alignemt":"","sfsi_plus_gutenburg_max_per_row":"","footnotes":""},"categories":[50,2,104,11],"tags":[],"class_list":["post-314669","post","type-post","status-publish","format-standard","has-post-thumbnail","hentry","category-destaque","category-geral","category-paraiba","category-politica"],"_links":{"self":[{"href":"https:\/\/www.caririemacao.com\/1\/wp-json\/wp\/v2\/posts\/314669","targetHints":{"allow":["GET"]}}],"collection":[{"href":"https:\/\/www.caririemacao.com\/1\/wp-json\/wp\/v2\/posts"}],"about":[{"href":"https:\/\/www.caririemacao.com\/1\/wp-json\/wp\/v2\/types\/post"}],"author":[{"embeddable":true,"href":"https:\/\/www.caririemacao.com\/1\/wp-json\/wp\/v2\/users\/6"}],"replies":[{"embeddable":true,"href":"https:\/\/www.caririemacao.com\/1\/wp-json\/wp\/v2\/comments?post=314669"}],"version-history":[{"count":1,"href":"https:\/\/www.caririemacao.com\/1\/wp-json\/wp\/v2\/posts\/314669\/revisions"}],"predecessor-version":[{"id":314671,"href":"https:\/\/www.caririemacao.com\/1\/wp-json\/wp\/v2\/posts\/314669\/revisions\/314671"}],"wp:featuredmedia":[{"embeddable":true,"href":"https:\/\/www.caririemacao.com\/1\/wp-json\/wp\/v2\/media\/314670"}],"wp:attachment":[{"href":"https:\/\/www.caririemacao.com\/1\/wp-json\/wp\/v2\/media?parent=314669"}],"wp:term":[{"taxonomy":"category","embeddable":true,"href":"https:\/\/www.caririemacao.com\/1\/wp-json\/wp\/v2\/categories?post=314669"},{"taxonomy":"post_tag","embeddable":true,"href":"https:\/\/www.caririemacao.com\/1\/wp-json\/wp\/v2\/tags?post=314669"}],"curies":[{"name":"wp","href":"https:\/\/api.w.org\/{rel}","templated":true}]}}