{"id":314833,"date":"2026-05-24T09:27:28","date_gmt":"2026-05-24T12:27:28","guid":{"rendered":"https:\/\/www.caririemacao.com\/1\/?p=314833"},"modified":"2026-05-24T09:27:28","modified_gmt":"2026-05-24T12:27:28","slug":"ha-areas-realmente-controladas-pelo-trafico-admite-secretario-de-seguranca-de-joao-pessoa","status":"publish","type":"post","link":"https:\/\/www.caririemacao.com\/1\/2026\/05\/24\/ha-areas-realmente-controladas-pelo-trafico-admite-secretario-de-seguranca-de-joao-pessoa\/","title":{"rendered":"\u201cH\u00e1 \u00e1reas realmente controladas pelo tr\u00e1fico\u201d, admite secret\u00e1rio de Seguran\u00e7a de Jo\u00e3o Pessoa"},"content":{"rendered":"<p>O secret\u00e1rio de Seguran\u00e7a de Jo\u00e3o Pessoa, Jo\u00e3o Almeida, admitiu que a cidade tem territ\u00f3rios e comunidades realmente dominadas pelo tr\u00e1fico de drogas. \u201cA gente \u00e0s vezes tem um certo cuidado, na linguagem jornal\u00edstica, dizer de certa forma dominada pelo tr\u00e1fico, eu digo diferente, e sou mais contundente: s\u00e3o realmente dominados pelo tr\u00e1fico\u201d, declarou o secret\u00e1rio.<\/p>\n<p>Jo\u00e3o Almeida disse que o efetivo de agentes de seguran\u00e7a urbana de Jo\u00e3o tem participado de for\u00e7a-tarefa permanente para a retirada de barricadas em entradas de comunidades da periferia da cidade, sitiadas por fac\u00e7\u00f5es criminosas.<\/p>\n<p>\u201cO poder p\u00fablico n\u00e3o pode cansar, quem tem que cansar \u00e9 a bandidagem. Enquanto poder p\u00fablico, a gente n\u00e3o cansa (\u2026) \u00c0s vezes, a sensa\u00e7\u00e3o de enxugar gelo. \u00c9 um trabalho cansado, repetitivo, mas vamos ganhar pelo cansa\u00e7o\u201d, enfatizou o secret\u00e1rio.<\/p>\n<p>Ele destacou a contribui\u00e7\u00e3o da tecnologia, via a instala\u00e7\u00e3o de 2 mil c\u00e2meras de v\u00eddeo em todas as regi\u00f5es da cidade, nesse processo contra o crime organizado. \u201cConstru\u00edmos um projeto colocando em realidade para aqui em Jo\u00e3o Pessoa se viva de barricada zero. Semana passada, tiramos algumas barricadas. Pr\u00f3xima semana vai ter de novo\u201d, informou.<\/p>\n<p>MaisPB<\/p>\n","protected":false},"excerpt":{"rendered":"<p>O secret\u00e1rio de Seguran\u00e7a de Jo\u00e3o Pessoa, Jo\u00e3o Almeida, admitiu que a cidade tem territ\u00f3rios e comunidades realmente dominadas pelo tr\u00e1fico de drogas. \u201cA gente \u00e0s vezes tem um certo cuidado, na linguagem jornal\u00edstica, dizer de certa forma dominada pelo tr\u00e1fico, eu digo diferente, e sou mais contundente: s\u00e3o realmente dominados pelo tr\u00e1fico\u201d, declarou o secret\u00e1rio. Jo\u00e3o Almeida disse que o efetivo de agentes de seguran\u00e7a urbana de Jo\u00e3o tem participado de for\u00e7a-tarefa permanente para a retirada de barricadas em entradas de comunidades da periferia da cidade, sitiadas por fac\u00e7\u00f5es criminosas. \u201cO poder p\u00fablico n\u00e3o pode cansar, quem tem que cansar \u00e9 a bandidagem. Enquanto poder p\u00fablico, a gente n\u00e3o cansa (\u2026) \u00c0s vezes, a sensa\u00e7\u00e3o de enxugar gelo. \u00c9 um trabalho cansado, repetitivo, mas vamos ganhar pelo cansa\u00e7o\u201d, enfatizou o secret\u00e1rio. Ele destacou a contribui\u00e7\u00e3o da tecnologia, via a instala\u00e7\u00e3o de 2 mil c\u00e2meras de v\u00eddeo em todas as regi\u00f5es da cidade, nesse processo contra o crime organizado. \u201cConstru\u00edmos um projeto colocando em realidade para aqui em Jo\u00e3o Pessoa se viva de barricada zero. Semana passada, tiramos algumas barricadas. Pr\u00f3xima semana vai ter de novo\u201d, informou. MaisPB<\/p>\n","protected":false},"author":6,"featured_media":314834,"comment_status":"closed","ping_status":"closed","sticky":false,"template":"","format":"standard","meta":{"sfsi_plus_gutenberg_text_before_share":"","sfsi_plus_gutenberg_show_text_before_share":"","sfsi_plus_gutenberg_icon_type":"","sfsi_plus_gutenberg_icon_alignemt":"","sfsi_plus_gutenburg_max_per_row":"","footnotes":""},"categories":[50,2,104],"tags":[],"class_list":["post-314833","post","type-post","status-publish","format-standard","has-post-thumbnail","hentry","category-destaque","category-geral","category-paraiba"],"_links":{"self":[{"href":"https:\/\/www.caririemacao.com\/1\/wp-json\/wp\/v2\/posts\/314833","targetHints":{"allow":["GET"]}}],"collection":[{"href":"https:\/\/www.caririemacao.com\/1\/wp-json\/wp\/v2\/posts"}],"about":[{"href":"https:\/\/www.caririemacao.com\/1\/wp-json\/wp\/v2\/types\/post"}],"author":[{"embeddable":true,"href":"https:\/\/www.caririemacao.com\/1\/wp-json\/wp\/v2\/users\/6"}],"replies":[{"embeddable":true,"href":"https:\/\/www.caririemacao.com\/1\/wp-json\/wp\/v2\/comments?post=314833"}],"version-history":[{"count":1,"href":"https:\/\/www.caririemacao.com\/1\/wp-json\/wp\/v2\/posts\/314833\/revisions"}],"predecessor-version":[{"id":314835,"href":"https:\/\/www.caririemacao.com\/1\/wp-json\/wp\/v2\/posts\/314833\/revisions\/314835"}],"wp:featuredmedia":[{"embeddable":true,"href":"https:\/\/www.caririemacao.com\/1\/wp-json\/wp\/v2\/media\/314834"}],"wp:attachment":[{"href":"https:\/\/www.caririemacao.com\/1\/wp-json\/wp\/v2\/media?parent=314833"}],"wp:term":[{"taxonomy":"category","embeddable":true,"href":"https:\/\/www.caririemacao.com\/1\/wp-json\/wp\/v2\/categories?post=314833"},{"taxonomy":"post_tag","embeddable":true,"href":"https:\/\/www.caririemacao.com\/1\/wp-json\/wp\/v2\/tags?post=314833"}],"curies":[{"name":"wp","href":"https:\/\/api.w.org\/{rel}","templated":true}]}}