{"id":314980,"date":"2026-05-27T06:00:04","date_gmt":"2026-05-27T09:00:04","guid":{"rendered":"https:\/\/www.caririemacao.com\/1\/?p=314980"},"modified":"2026-05-26T20:27:38","modified_gmt":"2026-05-26T23:27:38","slug":"flavio-bolsonaro-diz-ter-pedido-para-donald-trump-classificar-pcc-e-cv-como-terroristas","status":"publish","type":"post","link":"https:\/\/www.caririemacao.com\/1\/2026\/05\/27\/flavio-bolsonaro-diz-ter-pedido-para-donald-trump-classificar-pcc-e-cv-como-terroristas\/","title":{"rendered":"Fl\u00e1vio Bolsonaro diz ter pedido para Donald Trump classificar PCC e CV como terroristas"},"content":{"rendered":"<p>Em encontro com o presidente dos Estados Unidos,\u00a0Donald Trump, nesta ter\u00e7a-feira, 26, em Washington, o senador\u00a0Fl\u00e1vio Bolsonaro\u00a0(PL-RJ)\u00a0afirmou ter pedido ao chefe do Poder Executivo daquele pa\u00eds para que classifique as organiza\u00e7\u00f5es criminosas\u00a0Primeiro Comando da Capital (PCC)\u00a0e\u00a0Comando Vermelho (CV)\u00a0como terroristas.<\/p>\n<p>\u201cEnquanto o\u00a0Lula\u00a0vai de joelhos para implorar ao presidente americano Trump que n\u00e3o declare organiza\u00e7\u00f5es criminosas como CV e PCC como terroristas, eu fa\u00e7o o contr\u00e1rio. Eu fiz exatamente esse pedido a ele para que ele declare CV e PCC como organiza\u00e7\u00f5es terroristas, sim, que \u00e9 o que eles s\u00e3o. N\u00f3s temos a\u00ed um em cada quatro brasileiros morando em \u00e1reas dominadas por fac\u00e7\u00f5es criminosas que imp\u00f5em suas pr\u00f3prias regras\u201d, disse o presidenci\u00e1vel. Fl\u00e1vio Bolsonaro afirmou ainda em coletiva de imprensa que quer fazer acordos com outros pa\u00edses da Am\u00e9rica Latina, Europa, os Estados Unidos e at\u00e9 Israel para combater as principais fac\u00e7\u00f5es brasileiras.<\/p>\n<div class=\"noreadme-audima ads video-ads\">\n<div class=\"abrAD\" data-format=\"intext_video\">O governo americano analisa h\u00e1 mais de um ano se declara ou n\u00e3o organiza\u00e7\u00f5es criminosas brasileiras como terroristas. No ano passado, a administra\u00e7\u00e3o Trump classificou como terroristas, por exemplo, cart\u00e9is mexicanos e o<em>\u00a0Tren de Aragua<\/em>, grupo criminoso origin\u00e1rio da Venezuela, que atua no tr\u00e1fico de drogas para cidades americanas \u2014 desde ent\u00e3o, embarca\u00e7\u00f5es de traficantes que tentam levar entorpecentes para o pa\u00eds da Am\u00e9rica do Norte foram bombardeadas pelas for\u00e7as de seguran\u00e7a dos Estados Unidos.<\/div>\n<\/div>\n<div data-format=\"intext_video\"><\/div>\n<div data-format=\"intext_video\"><\/div>\n<div data-format=\"intext_video\"><\/div>\n<div data-format=\"intext_video\">Veja<\/div>\n","protected":false},"excerpt":{"rendered":"<p>Em encontro com o presidente dos Estados Unidos,\u00a0Donald Trump, nesta ter\u00e7a-feira, 26, em Washington, o senador\u00a0Fl\u00e1vio Bolsonaro\u00a0(PL-RJ)\u00a0afirmou ter pedido ao chefe do Poder Executivo daquele pa\u00eds para que classifique as organiza\u00e7\u00f5es criminosas\u00a0Primeiro Comando da Capital (PCC)\u00a0e\u00a0Comando Vermelho (CV)\u00a0como terroristas. \u201cEnquanto o\u00a0Lula\u00a0vai de joelhos para implorar ao presidente americano Trump que n\u00e3o declare organiza\u00e7\u00f5es criminosas como CV e PCC como terroristas, eu fa\u00e7o o contr\u00e1rio. Eu fiz exatamente esse pedido a ele para que ele declare CV e PCC como organiza\u00e7\u00f5es terroristas, sim, que \u00e9 o que eles s\u00e3o. N\u00f3s temos a\u00ed um em cada quatro brasileiros morando em \u00e1reas dominadas por fac\u00e7\u00f5es criminosas que imp\u00f5em suas pr\u00f3prias regras\u201d, disse o presidenci\u00e1vel. Fl\u00e1vio Bolsonaro afirmou ainda em coletiva de imprensa que quer fazer acordos com outros pa\u00edses da Am\u00e9rica Latina, Europa, os Estados Unidos e at\u00e9 Israel para combater as principais fac\u00e7\u00f5es brasileiras. O governo americano analisa h\u00e1 mais de um ano se declara ou n\u00e3o organiza\u00e7\u00f5es criminosas brasileiras como terroristas. No ano passado, a administra\u00e7\u00e3o Trump classificou como terroristas, por exemplo, cart\u00e9is mexicanos e o\u00a0Tren de Aragua, grupo criminoso origin\u00e1rio da Venezuela, que atua no tr\u00e1fico de drogas para cidades americanas \u2014 desde ent\u00e3o, embarca\u00e7\u00f5es de traficantes que tentam levar entorpecentes para o pa\u00eds da Am\u00e9rica do Norte foram bombardeadas pelas for\u00e7as de seguran\u00e7a dos Estados Unidos. Veja<\/p>\n","protected":false},"author":6,"featured_media":314981,"comment_status":"closed","ping_status":"closed","sticky":false,"template":"","format":"standard","meta":{"sfsi_plus_gutenberg_text_before_share":"","sfsi_plus_gutenberg_show_text_before_share":"","sfsi_plus_gutenberg_icon_type":"","sfsi_plus_gutenberg_icon_alignemt":"","sfsi_plus_gutenburg_max_per_row":"","footnotes":""},"categories":[123,50,2,11],"tags":[],"class_list":["post-314980","post","type-post","status-publish","format-standard","has-post-thumbnail","hentry","category-brasil","category-destaque","category-geral","category-politica"],"_links":{"self":[{"href":"https:\/\/www.caririemacao.com\/1\/wp-json\/wp\/v2\/posts\/314980","targetHints":{"allow":["GET"]}}],"collection":[{"href":"https:\/\/www.caririemacao.com\/1\/wp-json\/wp\/v2\/posts"}],"about":[{"href":"https:\/\/www.caririemacao.com\/1\/wp-json\/wp\/v2\/types\/post"}],"author":[{"embeddable":true,"href":"https:\/\/www.caririemacao.com\/1\/wp-json\/wp\/v2\/users\/6"}],"replies":[{"embeddable":true,"href":"https:\/\/www.caririemacao.com\/1\/wp-json\/wp\/v2\/comments?post=314980"}],"version-history":[{"count":1,"href":"https:\/\/www.caririemacao.com\/1\/wp-json\/wp\/v2\/posts\/314980\/revisions"}],"predecessor-version":[{"id":314982,"href":"https:\/\/www.caririemacao.com\/1\/wp-json\/wp\/v2\/posts\/314980\/revisions\/314982"}],"wp:featuredmedia":[{"embeddable":true,"href":"https:\/\/www.caririemacao.com\/1\/wp-json\/wp\/v2\/media\/314981"}],"wp:attachment":[{"href":"https:\/\/www.caririemacao.com\/1\/wp-json\/wp\/v2\/media?parent=314980"}],"wp:term":[{"taxonomy":"category","embeddable":true,"href":"https:\/\/www.caririemacao.com\/1\/wp-json\/wp\/v2\/categories?post=314980"},{"taxonomy":"post_tag","embeddable":true,"href":"https:\/\/www.caririemacao.com\/1\/wp-json\/wp\/v2\/tags?post=314980"}],"curies":[{"name":"wp","href":"https:\/\/api.w.org\/{rel}","templated":true}]}}