{"id":315010,"date":"2026-05-27T14:18:05","date_gmt":"2026-05-27T17:18:05","guid":{"rendered":"https:\/\/www.caririemacao.com\/1\/?p=315010"},"modified":"2026-05-27T14:18:05","modified_gmt":"2026-05-27T17:18:05","slug":"governador-lucas-ribeiro-visita-obras-do-estadio-de-futebol-de-serra-branca-nesta-quinta-feira","status":"publish","type":"post","link":"https:\/\/www.caririemacao.com\/1\/2026\/05\/27\/governador-lucas-ribeiro-visita-obras-do-estadio-de-futebol-de-serra-branca-nesta-quinta-feira\/","title":{"rendered":"Governador Lucas Ribeiro visita obras do est\u00e1dio de futebol de Serra Branca nesta quinta-feira"},"content":{"rendered":"<p data-start=\"850\" data-end=\"1072\">O governador da Para\u00edba, <span class=\"hover:entity-accent entity-underline inline cursor-pointer align-baseline\"><span class=\"whitespace-normal\">Lucas Ribeiro<\/span><\/span>, visita nesta quinta-feira (28) o munic\u00edpio de <span class=\"hover:entity-accent entity-underline inline cursor-pointer align-baseline\"><span class=\"whitespace-normal\">Serra Branca<\/span><\/span>, dentro da agenda administrativa do Governo do Estado no Cariri paraibano.<\/p>\n<p data-start=\"1074\" data-end=\"1256\">Na cidade, \u00e0s 9h30, Lucas Ribeiro acompanha de perto as obras de constru\u00e7\u00e3o do est\u00e1dio de futebol municipal. A visita t\u00e9cnica acontecer\u00e1 na Rua Leidson da Silva, no Centro da cidade.<\/p>\n<p data-start=\"1258\" data-end=\"1377\">A obra \u00e9 aguardada pela popula\u00e7\u00e3o e pelos desportistas do munic\u00edpio, fortalecendo a infraestrutura esportiva da regi\u00e3o.<\/p>\n<p data-start=\"1258\" data-end=\"1377\">\n<p data-start=\"1258\" data-end=\"1377\"><strong>CARIRI EM A\u00c7\u00c3O<\/strong><\/p>\n","protected":false},"excerpt":{"rendered":"<p>O governador da Para\u00edba, Lucas Ribeiro, visita nesta quinta-feira (28) o munic\u00edpio de Serra Branca, dentro da agenda administrativa do Governo do Estado no Cariri paraibano. Na cidade, \u00e0s 9h30, Lucas Ribeiro acompanha de perto as obras de constru\u00e7\u00e3o do est\u00e1dio de futebol municipal. A visita t\u00e9cnica acontecer\u00e1 na Rua Leidson da Silva, no Centro da cidade. A obra \u00e9 aguardada pela popula\u00e7\u00e3o e pelos desportistas do munic\u00edpio, fortalecendo a infraestrutura esportiva da regi\u00e3o. CARIRI EM A\u00c7\u00c3O<\/p>\n","protected":false},"author":6,"featured_media":301550,"comment_status":"closed","ping_status":"closed","sticky":false,"template":"","format":"standard","meta":{"sfsi_plus_gutenberg_text_before_share":"","sfsi_plus_gutenberg_show_text_before_share":"","sfsi_plus_gutenberg_icon_type":"","sfsi_plus_gutenberg_icon_alignemt":"","sfsi_plus_gutenburg_max_per_row":"","footnotes":""},"categories":[50,2,93],"tags":[],"class_list":["post-315010","post","type-post","status-publish","format-standard","has-post-thumbnail","hentry","category-destaque","category-geral","category-serra-branca"],"_links":{"self":[{"href":"https:\/\/www.caririemacao.com\/1\/wp-json\/wp\/v2\/posts\/315010","targetHints":{"allow":["GET"]}}],"collection":[{"href":"https:\/\/www.caririemacao.com\/1\/wp-json\/wp\/v2\/posts"}],"about":[{"href":"https:\/\/www.caririemacao.com\/1\/wp-json\/wp\/v2\/types\/post"}],"author":[{"embeddable":true,"href":"https:\/\/www.caririemacao.com\/1\/wp-json\/wp\/v2\/users\/6"}],"replies":[{"embeddable":true,"href":"https:\/\/www.caririemacao.com\/1\/wp-json\/wp\/v2\/comments?post=315010"}],"version-history":[{"count":1,"href":"https:\/\/www.caririemacao.com\/1\/wp-json\/wp\/v2\/posts\/315010\/revisions"}],"predecessor-version":[{"id":315011,"href":"https:\/\/www.caririemacao.com\/1\/wp-json\/wp\/v2\/posts\/315010\/revisions\/315011"}],"wp:featuredmedia":[{"embeddable":true,"href":"https:\/\/www.caririemacao.com\/1\/wp-json\/wp\/v2\/media\/301550"}],"wp:attachment":[{"href":"https:\/\/www.caririemacao.com\/1\/wp-json\/wp\/v2\/media?parent=315010"}],"wp:term":[{"taxonomy":"category","embeddable":true,"href":"https:\/\/www.caririemacao.com\/1\/wp-json\/wp\/v2\/categories?post=315010"},{"taxonomy":"post_tag","embeddable":true,"href":"https:\/\/www.caririemacao.com\/1\/wp-json\/wp\/v2\/tags?post=315010"}],"curies":[{"name":"wp","href":"https:\/\/api.w.org\/{rel}","templated":true}]}}