{"id":315012,"date":"2026-05-27T14:22:44","date_gmt":"2026-05-27T17:22:44","guid":{"rendered":"https:\/\/www.caririemacao.com\/1\/?p=315012"},"modified":"2026-05-27T14:22:44","modified_gmt":"2026-05-27T17:22:44","slug":"lucas-ribeiro-visita-obras-rodoviarias-e-escola-integral-durante-agenda-em-sume","status":"publish","type":"post","link":"https:\/\/www.caririemacao.com\/1\/2026\/05\/27\/lucas-ribeiro-visita-obras-rodoviarias-e-escola-integral-durante-agenda-em-sume\/","title":{"rendered":"Lucas Ribeiro visita obras rodovi\u00e1rias e escola integral durante agenda em Sum\u00e9"},"content":{"rendered":"<p data-start=\"1478\" data-end=\"1695\">O governador da Para\u00edba, <span class=\"hover:entity-accent entity-underline inline cursor-pointer align-baseline\"><span class=\"whitespace-normal\">Lucas Ribeiro<\/span><\/span>, cumpre agenda administrativa nesta quinta-feira (28) no munic\u00edpio de <span class=\"hover:entity-accent entity-underline inline cursor-pointer align-baseline\"><span class=\"whitespace-normal\">Sum\u00e9<\/span><\/span>, com visitas a importantes obras em andamento.<\/p>\n<p data-start=\"1697\" data-end=\"1941\">\u00c0s 10h30, o governador visita as obras de implanta\u00e7\u00e3o e pavimenta\u00e7\u00e3o da Rodovia PB-210, no trecho entre Sum\u00e9 e S\u00e3o Jos\u00e9 dos Cordeiros. Em seguida, \u00e0s 11h, Lucas Ribeiro acompanha as obras de constru\u00e7\u00e3o da Escola Padr\u00e3o de Ensino M\u00e9dio Integral.<\/p>\n<p data-start=\"1943\" data-end=\"2048\">As a\u00e7\u00f5es refor\u00e7am os investimentos do Governo do Estado em infraestrutura e educa\u00e7\u00e3o na regi\u00e3o do Cariri.<\/p>\n<p data-start=\"1943\" data-end=\"2048\">\n<p data-start=\"1943\" data-end=\"2048\"><strong>CARIRI EM A\u00c7\u00c3O<\/strong><\/p>\n","protected":false},"excerpt":{"rendered":"<p>O governador da Para\u00edba, Lucas Ribeiro, cumpre agenda administrativa nesta quinta-feira (28) no munic\u00edpio de Sum\u00e9, com visitas a importantes obras em andamento. \u00c0s 10h30, o governador visita as obras de implanta\u00e7\u00e3o e pavimenta\u00e7\u00e3o da Rodovia PB-210, no trecho entre Sum\u00e9 e S\u00e3o Jos\u00e9 dos Cordeiros. Em seguida, \u00e0s 11h, Lucas Ribeiro acompanha as obras de constru\u00e7\u00e3o da Escola Padr\u00e3o de Ensino M\u00e9dio Integral. As a\u00e7\u00f5es refor\u00e7am os investimentos do Governo do Estado em infraestrutura e educa\u00e7\u00e3o na regi\u00e3o do Cariri. CARIRI EM A\u00c7\u00c3O<\/p>\n","protected":false},"author":6,"featured_media":315015,"comment_status":"closed","ping_status":"closed","sticky":false,"template":"","format":"standard","meta":{"sfsi_plus_gutenberg_text_before_share":"","sfsi_plus_gutenberg_show_text_before_share":"","sfsi_plus_gutenberg_icon_type":"","sfsi_plus_gutenberg_icon_alignemt":"","sfsi_plus_gutenburg_max_per_row":"","footnotes":""},"categories":[50,2,95],"tags":[],"class_list":["post-315012","post","type-post","status-publish","format-standard","has-post-thumbnail","hentry","category-destaque","category-geral","category-sume"],"_links":{"self":[{"href":"https:\/\/www.caririemacao.com\/1\/wp-json\/wp\/v2\/posts\/315012","targetHints":{"allow":["GET"]}}],"collection":[{"href":"https:\/\/www.caririemacao.com\/1\/wp-json\/wp\/v2\/posts"}],"about":[{"href":"https:\/\/www.caririemacao.com\/1\/wp-json\/wp\/v2\/types\/post"}],"author":[{"embeddable":true,"href":"https:\/\/www.caririemacao.com\/1\/wp-json\/wp\/v2\/users\/6"}],"replies":[{"embeddable":true,"href":"https:\/\/www.caririemacao.com\/1\/wp-json\/wp\/v2\/comments?post=315012"}],"version-history":[{"count":1,"href":"https:\/\/www.caririemacao.com\/1\/wp-json\/wp\/v2\/posts\/315012\/revisions"}],"predecessor-version":[{"id":315016,"href":"https:\/\/www.caririemacao.com\/1\/wp-json\/wp\/v2\/posts\/315012\/revisions\/315016"}],"wp:featuredmedia":[{"embeddable":true,"href":"https:\/\/www.caririemacao.com\/1\/wp-json\/wp\/v2\/media\/315015"}],"wp:attachment":[{"href":"https:\/\/www.caririemacao.com\/1\/wp-json\/wp\/v2\/media?parent=315012"}],"wp:term":[{"taxonomy":"category","embeddable":true,"href":"https:\/\/www.caririemacao.com\/1\/wp-json\/wp\/v2\/categories?post=315012"},{"taxonomy":"post_tag","embeddable":true,"href":"https:\/\/www.caririemacao.com\/1\/wp-json\/wp\/v2\/tags?post=315012"}],"curies":[{"name":"wp","href":"https:\/\/api.w.org\/{rel}","templated":true}]}}