{"id":315087,"date":"2026-05-28T11:44:20","date_gmt":"2026-05-28T14:44:20","guid":{"rendered":"https:\/\/www.caririemacao.com\/1\/?p=315087"},"modified":"2026-05-28T11:44:20","modified_gmt":"2026-05-28T14:44:20","slug":"durante-agenda-no-cariri-governador-lucas-ribeiro-desmente-fake-news-e-garante-pagamento-antecipado-do-13o-salario-dos-servidores","status":"publish","type":"post","link":"https:\/\/www.caririemacao.com\/1\/2026\/05\/28\/durante-agenda-no-cariri-governador-lucas-ribeiro-desmente-fake-news-e-garante-pagamento-antecipado-do-13o-salario-dos-servidores\/","title":{"rendered":"Durante agenda no Cariri, governador Lucas Ribeiro desmente fake news e garante pagamento antecipado do 13\u00ba sal\u00e1rio dos servidores"},"content":{"rendered":"<p data-start=\"136\" data-end=\"415\">Durante agenda na cidade de <span class=\"hover:entity-accent entity-underline inline cursor-pointer align-baseline\"><span class=\"whitespace-normal\">S\u00e3o Jo\u00e3o do Cariri<\/span><\/span>, o governador <span class=\"hover:entity-accent entity-underline inline cursor-pointer align-baseline\"><span class=\"whitespace-normal\">Lucas Ribeiro<\/span><\/span> desmentiu informa\u00e7\u00f5es falsas divulgadas nas redes sociais sobre um suposto n\u00e3o pagamento da primeira parcela do d\u00e9cimo terceiro sal\u00e1rio dos servidores estaduais.<\/p>\n<p data-start=\"417\" data-end=\"598\">Na ocasi\u00e3o, Lucas Ribeiro garantiu que o Governo da Para\u00edba ir\u00e1 realizar, mais uma vez, o pagamento antecipado do benef\u00edcio, seguindo o mesmo calend\u00e1rio adotado nos anos anteriores.<\/p>\n<p data-start=\"600\" data-end=\"930\">Segundo o governador, a data oficial do pagamento ser\u00e1 anunciada na pr\u00f3xima segunda-feira (1\u00ba), durante o programa \u201cConversa com o Governador\u201d, transmitido em cadeia estadual de r\u00e1dio e pelo canal oficial do Governo da Para\u00edba no YouTube. Na oportunidade, tamb\u00e9m dever\u00e1 ser divulgada a data do pagamento referente ao m\u00eas de junho.<\/p>\n<p data-start=\"932\" data-end=\"1264\">\u201cEssa \u00e9 mais uma fake news daqueles que querem ver o governo andando para tr\u00e1s. Isso tem sido constante, infelizmente, mas vamos anunciar na pr\u00f3xima segunda-feira no programa Conversa com o Governador essa data. Do mesmo modo como aconteceu nos anos anteriores, o pagamento antecipado vai acontecer esse ano\u201d, afirmou Lucas Ribeiro.<\/p>\n<p data-start=\"1266\" data-end=\"1528\" data-is-last-node=\"\" data-is-only-node=\"\">O Governo do Estado tamb\u00e9m iniciou nesta quinta-feira (28) o pagamento dos servidores referente ao m\u00eas de maio. Os primeiros a receber foram aposentados e pensionistas. J\u00e1 nesta sexta-feira (29), recebem os servidores da ativa da administra\u00e7\u00e3o direta e indireta.<\/p>\n<p data-start=\"1266\" data-end=\"1528\" data-is-last-node=\"\" data-is-only-node=\"\">\n<p data-start=\"1266\" data-end=\"1528\" data-is-last-node=\"\" data-is-only-node=\"\"><strong>CARIRI EM A\u00c7\u00c3O<\/strong><\/p>\n","protected":false},"excerpt":{"rendered":"<p>Durante agenda na cidade de S\u00e3o Jo\u00e3o do Cariri, o governador Lucas Ribeiro desmentiu informa\u00e7\u00f5es falsas divulgadas nas redes sociais sobre um suposto n\u00e3o pagamento da primeira parcela do d\u00e9cimo terceiro sal\u00e1rio dos servidores estaduais. Na ocasi\u00e3o, Lucas Ribeiro garantiu que o Governo da Para\u00edba ir\u00e1 realizar, mais uma vez, o pagamento antecipado do benef\u00edcio, seguindo o mesmo calend\u00e1rio adotado nos anos anteriores. Segundo o governador, a data oficial do pagamento ser\u00e1 anunciada na pr\u00f3xima segunda-feira (1\u00ba), durante o programa \u201cConversa com o Governador\u201d, transmitido em cadeia estadual de r\u00e1dio e pelo canal oficial do Governo da Para\u00edba no YouTube. Na oportunidade, tamb\u00e9m dever\u00e1 ser divulgada a data do pagamento referente ao m\u00eas de junho. \u201cEssa \u00e9 mais uma fake news daqueles que querem ver o governo andando para tr\u00e1s. Isso tem sido constante, infelizmente, mas vamos anunciar na pr\u00f3xima segunda-feira no programa Conversa com o Governador essa data. Do mesmo modo como aconteceu nos anos anteriores, o pagamento antecipado vai acontecer esse ano\u201d, afirmou Lucas Ribeiro. O Governo do Estado tamb\u00e9m iniciou nesta quinta-feira (28) o pagamento dos servidores referente ao m\u00eas de maio. Os primeiros a receber foram aposentados e pensionistas. J\u00e1 nesta sexta-feira (29), recebem os servidores da ativa da administra\u00e7\u00e3o direta e indireta. CARIRI EM A\u00c7\u00c3O<\/p>\n","protected":false},"author":6,"featured_media":307370,"comment_status":"closed","ping_status":"closed","sticky":false,"template":"","format":"standard","meta":{"sfsi_plus_gutenberg_text_before_share":"","sfsi_plus_gutenberg_show_text_before_share":"","sfsi_plus_gutenberg_icon_type":"","sfsi_plus_gutenberg_icon_alignemt":"","sfsi_plus_gutenburg_max_per_row":"","footnotes":""},"categories":[106,50,2,88],"tags":[],"class_list":["post-315087","post","type-post","status-publish","format-standard","has-post-thumbnail","hentry","category-cariri","category-destaque","category-geral","category-sao-joao-do-cariri"],"_links":{"self":[{"href":"https:\/\/www.caririemacao.com\/1\/wp-json\/wp\/v2\/posts\/315087","targetHints":{"allow":["GET"]}}],"collection":[{"href":"https:\/\/www.caririemacao.com\/1\/wp-json\/wp\/v2\/posts"}],"about":[{"href":"https:\/\/www.caririemacao.com\/1\/wp-json\/wp\/v2\/types\/post"}],"author":[{"embeddable":true,"href":"https:\/\/www.caririemacao.com\/1\/wp-json\/wp\/v2\/users\/6"}],"replies":[{"embeddable":true,"href":"https:\/\/www.caririemacao.com\/1\/wp-json\/wp\/v2\/comments?post=315087"}],"version-history":[{"count":1,"href":"https:\/\/www.caririemacao.com\/1\/wp-json\/wp\/v2\/posts\/315087\/revisions"}],"predecessor-version":[{"id":315088,"href":"https:\/\/www.caririemacao.com\/1\/wp-json\/wp\/v2\/posts\/315087\/revisions\/315088"}],"wp:featuredmedia":[{"embeddable":true,"href":"https:\/\/www.caririemacao.com\/1\/wp-json\/wp\/v2\/media\/307370"}],"wp:attachment":[{"href":"https:\/\/www.caririemacao.com\/1\/wp-json\/wp\/v2\/media?parent=315087"}],"wp:term":[{"taxonomy":"category","embeddable":true,"href":"https:\/\/www.caririemacao.com\/1\/wp-json\/wp\/v2\/categories?post=315087"},{"taxonomy":"post_tag","embeddable":true,"href":"https:\/\/www.caririemacao.com\/1\/wp-json\/wp\/v2\/tags?post=315087"}],"curies":[{"name":"wp","href":"https:\/\/api.w.org\/{rel}","templated":true}]}}