{"id":31522,"date":"2017-10-26T10:20:20","date_gmt":"2017-10-26T13:20:20","guid":{"rendered":"http:\/\/caririemacao.com\/1\/?p=31522"},"modified":"2017-10-26T10:20:20","modified_gmt":"2017-10-26T13:20:20","slug":"camalau-realiza-o-i-festival-regional-de-sanfoneiros-e-tocadores-de-fole","status":"publish","type":"post","link":"https:\/\/www.caririemacao.com\/1\/2017\/10\/26\/camalau-realiza-o-i-festival-regional-de-sanfoneiros-e-tocadores-de-fole\/","title":{"rendered":"Camala\u00fa realiza o I Festival Regional de Sanfoneiros e Tocadores de Fole"},"content":{"rendered":"<p>Neste dia 27 de outubro acontece em Camala\u00fa o Sanfona Fest, I Festival Regional de Sanfoneiros e Tocadores de Fole. O evento ter\u00e1 in\u00edcio \u00e0s 14:30, no Centro de Educa\u00e7\u00e3o e Cultura. Logo ap\u00f3s a abertura haver\u00e1 palestras sobre o fole de oito baixo e a sanfona com os renomados m\u00fasicos e maestros Luizinho Calixto e Edgley Miguel. As 18:00 acontece a entrega de certificados a todos os sanfoneiros e tocadores de fole. Encerrando o evento, acontece confraterniza\u00e7\u00e3o de todos os participantes, regada a muita m\u00fasica.<\/p>\n<p>Espera-se no evento a presen\u00e7a de mais de 30 sanfoneiros e tocadores de fole.<\/p>\n<p>O evento \u00e9 uma realiza\u00e7\u00e3o do Governo Municipal de Camala\u00fa, com o apoio da UEPB, SEBRAE, Governos municipais do Congo e Coxixola.<\/p>\n<p>O prefeito Sandro M\u00f4co delegou ao vice prefeito Kiel a coordena\u00e7\u00e3o do evento.<\/p>\n<p>CONVITE DO PREFEITO SANDRO M\u00d4CO<\/p>\n<p><img decoding=\"async\" class=\"aligncenter lazyload\" data-src=\"https:\/\/www.camalaunoticias.com.br\/wp-content\/uploads\/2017\/10\/a7624748-d4c4-4223-8c17-452dae6c472b-300x212.jpg\" src=\"data:image\/svg+xml;base64,PHN2ZyB3aWR0aD0iMSIgaGVpZ2h0PSIxIiB4bWxucz0iaHR0cDovL3d3dy53My5vcmcvMjAwMC9zdmciPjwvc3ZnPg==\" style=\"--smush-placeholder-width: 300px; --smush-placeholder-aspect-ratio: 300\/212;\" \/><\/p>\n<p><strong>CARIRI EM A\u00c7\u00c3O<\/strong><\/p>\n<p><em>Com Camala\u00fa not\u00edcias\/Foto: Reprodu\u00e7\u00e3o Google\u00a0\u00a0<\/em><\/p>\n<p><strong>Leia mais not\u00edcias em\u00a0<\/strong><a href=\"http:\/\/www.caririemacao.com\/\"><strong>caririemacao.com<\/strong><\/a><strong>, siga nossa p\u00e1gina no\u00a0<\/strong><a href=\"https:\/\/www.facebook.com\/CaririEmAcao\/?ref=aymt_homepage_panel\"><strong>Facebook<\/strong><\/a>,<strong>\u00a0<a href=\"https:\/\/www.instagram.com\/cariri_em_acao\/?hl=pt-br\">Instagram<\/a>\u00a0e <\/strong><a href=\"https:\/\/www.youtube.com\/channel\/UCAptA0jQuYQy8vMhLt2m4qg\"><strong>Youtube<\/strong><\/a><strong>\u00a0e veja nossas mat\u00e9rias, v\u00eddeos e fotos. Voc\u00ea tamb\u00e9m pode enviar informa\u00e7\u00f5es \u00e0 Reda\u00e7\u00e3o do Portal Cariri em A\u00e7\u00e3o pelo WhatsApp (83) 9 9634.5791, (83) 9 9601-1162.<\/strong><\/p>\n","protected":false},"excerpt":{"rendered":"<p>Neste dia 27 de outubro acontece em Camala\u00fa o Sanfona Fest, I Festival Regional de Sanfoneiros e Tocadores de Fole. O evento ter\u00e1 in\u00edcio \u00e0s&hellip; <\/p>\n","protected":false},"author":2,"featured_media":31523,"comment_status":"closed","ping_status":"closed","sticky":false,"template":"","format":"standard","meta":{"sfsi_plus_gutenberg_text_before_share":"","sfsi_plus_gutenberg_show_text_before_share":"","sfsi_plus_gutenberg_icon_type":"","sfsi_plus_gutenberg_icon_alignemt":"","sfsi_plus_gutenburg_max_per_row":"","footnotes":""},"categories":[6],"tags":[],"class_list":["post-31522","post","type-post","status-publish","format-standard","has-post-thumbnail","hentry","category-cidades"],"_links":{"self":[{"href":"https:\/\/www.caririemacao.com\/1\/wp-json\/wp\/v2\/posts\/31522","targetHints":{"allow":["GET"]}}],"collection":[{"href":"https:\/\/www.caririemacao.com\/1\/wp-json\/wp\/v2\/posts"}],"about":[{"href":"https:\/\/www.caririemacao.com\/1\/wp-json\/wp\/v2\/types\/post"}],"author":[{"embeddable":true,"href":"https:\/\/www.caririemacao.com\/1\/wp-json\/wp\/v2\/users\/2"}],"replies":[{"embeddable":true,"href":"https:\/\/www.caririemacao.com\/1\/wp-json\/wp\/v2\/comments?post=31522"}],"version-history":[{"count":0,"href":"https:\/\/www.caririemacao.com\/1\/wp-json\/wp\/v2\/posts\/31522\/revisions"}],"wp:featuredmedia":[{"embeddable":true,"href":"https:\/\/www.caririemacao.com\/1\/wp-json\/wp\/v2\/media\/31523"}],"wp:attachment":[{"href":"https:\/\/www.caririemacao.com\/1\/wp-json\/wp\/v2\/media?parent=31522"}],"wp:term":[{"taxonomy":"category","embeddable":true,"href":"https:\/\/www.caririemacao.com\/1\/wp-json\/wp\/v2\/categories?post=31522"},{"taxonomy":"post_tag","embeddable":true,"href":"https:\/\/www.caririemacao.com\/1\/wp-json\/wp\/v2\/tags?post=31522"}],"curies":[{"name":"wp","href":"https:\/\/api.w.org\/{rel}","templated":true}]}}