{"id":31529,"date":"2017-10-26T10:31:50","date_gmt":"2017-10-26T13:31:50","guid":{"rendered":"http:\/\/caririemacao.com\/1\/?p=31529"},"modified":"2017-10-26T10:31:50","modified_gmt":"2017-10-26T13:31:50","slug":"por-251-votos-a-233-camara-rejeita-enviar-ao-stf-segunda-denuncia-contra-temer","status":"publish","type":"post","link":"https:\/\/www.caririemacao.com\/1\/2017\/10\/26\/por-251-votos-a-233-camara-rejeita-enviar-ao-stf-segunda-denuncia-contra-temer\/","title":{"rendered":"Por 251 votos a 233, C\u00e2mara rejeita enviar ao STF segunda den\u00fancia contra Temer"},"content":{"rendered":"<div class=\"mc-column content-text active-extra-styles active-capital-letter\" data-block-type=\"unstyled\" data-block-weight=\"48\">\n<p class=\"content-text__container theme-color-primary-first-letter\" data-track-category=\"Link no Texto\" data-track-links=\"\">Ap\u00f3s 12 horas e 20 minutos de sess\u00e3o, a C\u00e2mara dos Deputados rejeitou nesta quarta-feira (25), por 251 votos a 233 (com duas absten\u00e7\u00f5es e 25 ausentes), enviar ao Supremo Tribunal Federal (STF) a segunda\u00a0den\u00fancia contra o presidente Michel Temer, apresentada pela Procuradoria Geral da Rep\u00fablica (PGR).<\/p>\n<\/div>\n<div class=\"mc-column content-text active-extra-styles \" data-block-type=\"unstyled\" data-block-weight=\"34\">\n<p class=\"content-text__container \" data-track-category=\"Link no Texto\" data-track-links=\"\">Temer foi denunciado pelos crimes de\u00a0organiza\u00e7\u00e3o criminosa e obstru\u00e7\u00e3o de Justi\u00e7a. A den\u00fancia rejeitada pela C\u00e2mara tamb\u00e9m inclui os ministros Eliseu Padilha (Casa Civil) e Moreira Franco (Secretaria Geral),\u00a0acusados de organiza\u00e7\u00e3o criminosa.<\/p>\n<\/div>\n<div class=\"mc-column content-text active-extra-styles \" data-block-type=\"unstyled\" data-block-weight=\"42\">\n<p class=\"content-text__container \" data-track-category=\"Link no Texto\" data-track-links=\"\">Os 251 votos alcan\u00e7ados por Temer ficam abaixo da previs\u00e3o do governo, anunciada nos \u00faltimos dias, que estimava entre\u00a0260 e 270 votos favor\u00e1veis. Na primeira den\u00fancia que a C\u00e2mara derrubou (por corrup\u00e7\u00e3o passiva), em agosto,\u00a0Temer obteve 263 votos (227 contra).<\/p>\n<\/div>\n<div class=\"mc-column content-text active-extra-styles \" data-block-type=\"unstyled\" data-block-weight=\"43\">\n<p class=\"content-text__container \" data-track-category=\"Link no Texto\" data-track-links=\"\">O placar desta quarta-feira \u00e9 inferior, inclusive, ao m\u00ednimo de votos necess\u00e1rios para a aprova\u00e7\u00e3o de um projeto de lei complementar (257) ou para aprovar uma proposta de emenda \u00e0 Constitui\u00e7\u00e3o (308 votos), como a reforma da Previd\u00eancia, uma das prioridades do governo.<\/p>\n<\/div>\n<div class=\"mc-column content-text active-extra-styles \" data-block-type=\"unstyled\" data-block-weight=\"43\">\n<p class=\"content-text__container \" data-track-category=\"Link no Texto\" data-track-links=\"\">Mesmo assim, muitos dos deputados que votaram contra Temer s\u00e3o favor\u00e1veis a reformas que o governo prop\u00f5e, como a da Previd\u00eancia. O PSDB, por exemplo, partido que det\u00e9m minist\u00e9rios votou dividido: 23 contra, 20 a favor e 3 aus\u00eancias (que beneficiavam o presidente).<\/p>\n<\/div>\n<div class=\"mc-column content-text active-extra-styles \" data-block-type=\"unstyled\" data-block-weight=\"33\">\n<p class=\"content-text__container \" data-track-category=\"Link no Texto\" data-track-links=\"\">Com a decis\u00e3o, os deputados livraram Temer de responder ao processo no Supremo Tribunal Federal (STF)\u00a0durante o mandato. Caso fosse instalado, o processo provocaria o afastamento do presidente por at\u00e9 180 dias.<\/p>\n<\/div>\n<div class=\"mc-column content-text active-extra-styles \" data-block-type=\"unstyled\" data-block-weight=\"17\">\n<p class=\"content-text__container \" data-track-category=\"Link no Texto\" data-track-links=\"\">Agora, Temer responder\u00e1 na Justi\u00e7a\u00a0somente ap\u00f3s a conclus\u00e3o do mandato, em 31 de dezembro de 2018<\/p>\n<p><strong>CARIRI EM A\u00c7\u00c3O<\/strong><\/p>\n<p><em>Com G1\/Foto: Reprodu\u00e7\u00e3o Google\u00a0\u00a0<\/em><\/p>\n<p><strong>Leia mais not\u00edcias em\u00a0<\/strong><a href=\"http:\/\/www.caririemacao.com\/\"><strong>caririemacao.com<\/strong><\/a><strong>, siga nossa p\u00e1gina no\u00a0<\/strong><a href=\"https:\/\/www.facebook.com\/CaririEmAcao\/?ref=aymt_homepage_panel\"><strong>Facebook<\/strong><\/a>,<strong>\u00a0<a href=\"https:\/\/www.instagram.com\/cariri_em_acao\/?hl=pt-br\">Instagram<\/a>\u00a0e <\/strong><a href=\"https:\/\/www.youtube.com\/channel\/UCAptA0jQuYQy8vMhLt2m4qg\"><strong>Youtube<\/strong><\/a><strong>\u00a0e veja nossas mat\u00e9rias, v\u00eddeos e fotos. Voc\u00ea tamb\u00e9m pode enviar informa\u00e7\u00f5es \u00e0 Reda\u00e7\u00e3o do Portal Cariri em A\u00e7\u00e3o pelo WhatsApp (83) 9 9634.5791, (83) 9 9601-1162.<\/strong><\/p>\n<\/div>\n","protected":false},"excerpt":{"rendered":"<p>Ap\u00f3s 12 horas e 20 minutos de sess\u00e3o, a C\u00e2mara dos Deputados rejeitou nesta quarta-feira (25), por 251 votos a 233 (com duas absten\u00e7\u00f5es e&hellip; <\/p>\n","protected":false},"author":2,"featured_media":31530,"comment_status":"closed","ping_status":"closed","sticky":false,"template":"","format":"standard","meta":{"sfsi_plus_gutenberg_text_before_share":"","sfsi_plus_gutenberg_show_text_before_share":"","sfsi_plus_gutenberg_icon_type":"","sfsi_plus_gutenberg_icon_alignemt":"","sfsi_plus_gutenburg_max_per_row":"","footnotes":""},"categories":[11],"tags":[],"class_list":["post-31529","post","type-post","status-publish","format-standard","has-post-thumbnail","hentry","category-politica"],"_links":{"self":[{"href":"https:\/\/www.caririemacao.com\/1\/wp-json\/wp\/v2\/posts\/31529","targetHints":{"allow":["GET"]}}],"collection":[{"href":"https:\/\/www.caririemacao.com\/1\/wp-json\/wp\/v2\/posts"}],"about":[{"href":"https:\/\/www.caririemacao.com\/1\/wp-json\/wp\/v2\/types\/post"}],"author":[{"embeddable":true,"href":"https:\/\/www.caririemacao.com\/1\/wp-json\/wp\/v2\/users\/2"}],"replies":[{"embeddable":true,"href":"https:\/\/www.caririemacao.com\/1\/wp-json\/wp\/v2\/comments?post=31529"}],"version-history":[{"count":0,"href":"https:\/\/www.caririemacao.com\/1\/wp-json\/wp\/v2\/posts\/31529\/revisions"}],"wp:featuredmedia":[{"embeddable":true,"href":"https:\/\/www.caririemacao.com\/1\/wp-json\/wp\/v2\/media\/31530"}],"wp:attachment":[{"href":"https:\/\/www.caririemacao.com\/1\/wp-json\/wp\/v2\/media?parent=31529"}],"wp:term":[{"taxonomy":"category","embeddable":true,"href":"https:\/\/www.caririemacao.com\/1\/wp-json\/wp\/v2\/categories?post=31529"},{"taxonomy":"post_tag","embeddable":true,"href":"https:\/\/www.caririemacao.com\/1\/wp-json\/wp\/v2\/tags?post=31529"}],"curies":[{"name":"wp","href":"https:\/\/api.w.org\/{rel}","templated":true}]}}