{"id":315291,"date":"2026-06-01T06:00:11","date_gmt":"2026-06-01T09:00:11","guid":{"rendered":"https:\/\/www.caririemacao.com\/1\/?p=315291"},"modified":"2026-05-31T19:47:23","modified_gmt":"2026-05-31T22:47:23","slug":"o-maior-sao-joao-do-mundo-43a-edicao-tem-inicio-nesta-quarta-com-nomes-como-joao-gomes-solange-almeida-limao-com-mel","status":"publish","type":"post","link":"https:\/\/www.caririemacao.com\/1\/2026\/06\/01\/o-maior-sao-joao-do-mundo-43a-edicao-tem-inicio-nesta-quarta-com-nomes-como-joao-gomes-solange-almeida-limao-com-mel\/","title":{"rendered":"O Maior S\u00e3o Jo\u00e3o do Mundo: 43\u00aa edi\u00e7\u00e3o tem in\u00edcio nesta quarta com nomes como Jo\u00e3o Gomes, Solange Almeida, Lim\u00e3o com Mel"},"content":{"rendered":"<p>A quarta-feira dia 03 de junho ser\u00e1 marcada pela abertura oficial d\u2019O Maior S\u00e3o Jo\u00e3o do Mundo 2026. A festa de Campina Grande chega a sua 43\u00aa edi\u00e7\u00e3o e segue at\u00e9 o dia 05 de julho, totalizando 33 dias de muito forr\u00f3 e tradi\u00e7\u00e3o.<\/p>\n<div class=\"wp-block-image\">\n<figure class=\"alignleft size-large is-resized\"><img fetchpriority=\"high\" decoding=\"async\" class=\"wp-image-954073 bv-lazyload-tag-img lazyautosizes pk-lazyloaded\" src=\"https:\/\/www.pbagora.com.br\/storage\/2026\/05\/sao-joao-cg-2-1024x683.jpeg\" sizes=\"391px\" srcset=\"https:\/\/www.pbagora.com.br\/storage\/2026\/05\/sao-joao-cg-2-1024x683.jpeg 1024w, https:\/\/www.pbagora.com.br\/storage\/2026\/05\/sao-joao-cg-2-300x200.jpeg 300w, https:\/\/www.pbagora.com.br\/storage\/2026\/05\/sao-joao-cg-2-150x100.jpeg 150w, https:\/\/www.pbagora.com.br\/storage\/2026\/05\/sao-joao-cg-2-768x512.jpeg 768w, https:\/\/www.pbagora.com.br\/storage\/2026\/05\/sao-joao-cg-2-380x254.jpeg 380w, https:\/\/www.pbagora.com.br\/storage\/2026\/05\/sao-joao-cg-2-800x534.jpeg 800w, https:\/\/www.pbagora.com.br\/storage\/2026\/05\/sao-joao-cg-2-1160x774.jpeg 1160w, https:\/\/www.pbagora.com.br\/storage\/2026\/05\/sao-joao-cg-2-80x53.jpeg 80w, https:\/\/www.pbagora.com.br\/storage\/2026\/05\/sao-joao-cg-2-760x507.jpeg 760w, https:\/\/www.pbagora.com.br\/storage\/2026\/05\/sao-joao-cg-2-600x400.jpeg 600w, https:\/\/www.pbagora.com.br\/storage\/2026\/05\/sao-joao-cg-2.jpeg 1280w\" alt=\"\" width=\"375\" height=\"250\" data-pk-sizes=\"auto\" data-ls-sizes=\"(max-width: 1024px) 100vw, 1024px\" data-pk-src=\"https:\/\/www.pbagora.com.br\/storage\/2026\/05\/sao-joao-cg-2-1024x683.jpeg\" data-pk-srcset=\"https:\/\/www.pbagora.com.br\/storage\/2026\/05\/sao-joao-cg-2-1024x683.jpeg 1024w, https:\/\/www.pbagora.com.br\/storage\/2026\/05\/sao-joao-cg-2-300x200.jpeg 300w, https:\/\/www.pbagora.com.br\/storage\/2026\/05\/sao-joao-cg-2-150x100.jpeg 150w, https:\/\/www.pbagora.com.br\/storage\/2026\/05\/sao-joao-cg-2-768x512.jpeg 768w, https:\/\/www.pbagora.com.br\/storage\/2026\/05\/sao-joao-cg-2-380x254.jpeg 380w, https:\/\/www.pbagora.com.br\/storage\/2026\/05\/sao-joao-cg-2-800x534.jpeg 800w, https:\/\/www.pbagora.com.br\/storage\/2026\/05\/sao-joao-cg-2-1160x774.jpeg 1160w, https:\/\/www.pbagora.com.br\/storage\/2026\/05\/sao-joao-cg-2-80x53.jpeg 80w, https:\/\/www.pbagora.com.br\/storage\/2026\/05\/sao-joao-cg-2-760x507.jpeg 760w, https:\/\/www.pbagora.com.br\/storage\/2026\/05\/sao-joao-cg-2-600x400.jpeg 600w, https:\/\/www.pbagora.com.br\/storage\/2026\/05\/sao-joao-cg-2.jpeg 1280w\" \/><figcaption class=\"wp-element-caption\">Foto: Codecom \/ PMCG<\/figcaption><\/figure>\n<\/div>\n<p>As bandas Lim\u00e3o com Mel e Brasas do Forr\u00f3, al\u00e9m da cantora Solange Almeida e o projeto \u2018Dominguinho\u2019, com Jo\u00e3o Gomes, Jota.p\u00ea e Mestrinho, far\u00e3o os shows desta primeira noite de festa no palco principal.<\/p>\n<p>Ao longo de 33 dias, passar\u00e3o pelos tr\u00eas palcos e ilhas de forr\u00f3 do Parque do Povo \u2013 polo principal do evento e conhecido como \u2018Quartel General do Forr\u00f3\u2019 \u2013 mais de 500 atra\u00e7\u00f5es.<\/p>\n<p>Outra novidade deste ano s\u00e3o as transmiss\u00f5es dos jogos do Brasil na Copa do Mundo, tendo o pontap\u00e9 inicial acontecendo na noite do dia 13 de junho, \u00e0s 19h, quando nossa sele\u00e7\u00e3o estreia na competi\u00e7\u00e3o enfrentando o Marrocos.<\/p>\n<p>Somente na primeira semana, al\u00e9m dos da abertura, teremos shows de Dorgival Dantas na quinta-feira (4); Wesley Safad\u00e3o na sexta (5); Henrique e Juliano no s\u00e1bado (6) e Natanzinho Lima no domingo (7) \u2013 que s\u00e3o as atra\u00e7\u00f5es principais de cada noite citada. Mas tamb\u00e9m, nesses dias, teremos shows de diversos outros grandes artistas.<\/p>\n<p>Outra grande novidade d\u2019O Maior S\u00e3o Jo\u00e3o do Mundo 2026 \u00e9 o show do rei Roberto Carlos, na noite do domingo, 14 de junho.<\/p>\n<p>Com o Parque do Povo ainda mais ampliado e com mais de 73 mil metros quadrados de \u00e1rea, o S\u00e3o Jo\u00e3o de Campina Grande tem em seu polo principal a capacidade de receber cerca de 80 mil pessoas \u2013 sendo mais de 80% delas em \u00e1rea p\u00fablica, com entrada totalmente gratuita. Outra celebra\u00e7\u00e3o desta edi\u00e7\u00e3o s\u00e3o os 40 anos da famosa Pir\u00e2mide do Parque do Povo, que fica no cora\u00e7\u00e3o do espa\u00e7o.<\/p>\n<p>\u201cEstamos prontos para viver uma edi\u00e7\u00e3o hist\u00f3rica. Vai ter muito forr\u00f3, vai ter cultura, vai ter diversidade de artistas e Campina Grande deve mais uma vez mostrar o porqu\u00ea do t\u00edtulo de O Maior \u2013 e melhor \u2013 S\u00e3o Jo\u00e3o do Mundo\u201d, disse a secret\u00e1ria de Desenvolvimento Econ\u00f4mico e Turismo, T\u00e2mela Fama.<\/p>\n<p>&nbsp;<\/p>\n<p>Codecom \/ PMCG<\/p>\n","protected":false},"excerpt":{"rendered":"<p>A quarta-feira dia 03 de junho ser\u00e1 marcada pela abertura oficial d\u2019O Maior S\u00e3o Jo\u00e3o do Mundo 2026. A festa de Campina Grande chega a sua 43\u00aa edi\u00e7\u00e3o e segue at\u00e9 o dia 05 de julho, totalizando 33 dias de muito forr\u00f3 e tradi\u00e7\u00e3o. Foto: Codecom \/ PMCG As bandas Lim\u00e3o com Mel e Brasas do Forr\u00f3, al\u00e9m da cantora Solange Almeida e o projeto \u2018Dominguinho\u2019, com Jo\u00e3o Gomes, Jota.p\u00ea e Mestrinho, far\u00e3o os shows desta primeira noite de festa no palco principal. Ao longo de 33 dias, passar\u00e3o pelos tr\u00eas palcos e ilhas de forr\u00f3 do Parque do Povo \u2013 polo principal do evento e conhecido como \u2018Quartel General do Forr\u00f3\u2019 \u2013 mais de 500 atra\u00e7\u00f5es. Outra novidade deste ano s\u00e3o as transmiss\u00f5es dos jogos do Brasil na Copa do Mundo, tendo o pontap\u00e9 inicial acontecendo na noite do dia 13 de junho, \u00e0s 19h, quando nossa sele\u00e7\u00e3o estreia na competi\u00e7\u00e3o enfrentando o Marrocos. Somente na primeira semana, al\u00e9m dos da abertura, teremos shows de Dorgival Dantas na quinta-feira (4); Wesley Safad\u00e3o na sexta (5); Henrique e Juliano no s\u00e1bado (6) e Natanzinho Lima no domingo (7) \u2013 que s\u00e3o as atra\u00e7\u00f5es principais de cada noite citada. Mas tamb\u00e9m, nesses dias, teremos shows de diversos outros grandes artistas. Outra grande novidade d\u2019O Maior S\u00e3o Jo\u00e3o do Mundo 2026 \u00e9 o show do rei Roberto Carlos, na noite do domingo, 14 de junho. Com o Parque do Povo ainda mais ampliado e com mais de 73 mil metros quadrados de \u00e1rea, o S\u00e3o Jo\u00e3o de Campina Grande tem em seu polo principal a capacidade de receber cerca de 80 mil pessoas \u2013 sendo mais de 80% delas em \u00e1rea p\u00fablica, com entrada totalmente gratuita. Outra celebra\u00e7\u00e3o desta edi\u00e7\u00e3o s\u00e3o os 40 anos da famosa Pir\u00e2mide do Parque do Povo, que fica no cora\u00e7\u00e3o do espa\u00e7o. \u201cEstamos prontos para viver uma edi\u00e7\u00e3o hist\u00f3rica. Vai ter muito forr\u00f3, vai ter cultura, vai ter diversidade de artistas e Campina Grande deve mais uma vez mostrar o porqu\u00ea do t\u00edtulo de O Maior \u2013 e melhor \u2013 S\u00e3o Jo\u00e3o do Mundo\u201d, disse a secret\u00e1ria de Desenvolvimento Econ\u00f4mico e Turismo, T\u00e2mela Fama. &nbsp; Codecom \/ PMCG<\/p>\n","protected":false},"author":6,"featured_media":315292,"comment_status":"closed","ping_status":"closed","sticky":false,"template":"","format":"standard","meta":{"sfsi_plus_gutenberg_text_before_share":"","sfsi_plus_gutenberg_show_text_before_share":"","sfsi_plus_gutenberg_icon_type":"","sfsi_plus_gutenberg_icon_alignemt":"","sfsi_plus_gutenburg_max_per_row":"","footnotes":""},"categories":[50,2,104],"tags":[],"class_list":["post-315291","post","type-post","status-publish","format-standard","has-post-thumbnail","hentry","category-destaque","category-geral","category-paraiba"],"_links":{"self":[{"href":"https:\/\/www.caririemacao.com\/1\/wp-json\/wp\/v2\/posts\/315291","targetHints":{"allow":["GET"]}}],"collection":[{"href":"https:\/\/www.caririemacao.com\/1\/wp-json\/wp\/v2\/posts"}],"about":[{"href":"https:\/\/www.caririemacao.com\/1\/wp-json\/wp\/v2\/types\/post"}],"author":[{"embeddable":true,"href":"https:\/\/www.caririemacao.com\/1\/wp-json\/wp\/v2\/users\/6"}],"replies":[{"embeddable":true,"href":"https:\/\/www.caririemacao.com\/1\/wp-json\/wp\/v2\/comments?post=315291"}],"version-history":[{"count":1,"href":"https:\/\/www.caririemacao.com\/1\/wp-json\/wp\/v2\/posts\/315291\/revisions"}],"predecessor-version":[{"id":315293,"href":"https:\/\/www.caririemacao.com\/1\/wp-json\/wp\/v2\/posts\/315291\/revisions\/315293"}],"wp:featuredmedia":[{"embeddable":true,"href":"https:\/\/www.caririemacao.com\/1\/wp-json\/wp\/v2\/media\/315292"}],"wp:attachment":[{"href":"https:\/\/www.caririemacao.com\/1\/wp-json\/wp\/v2\/media?parent=315291"}],"wp:term":[{"taxonomy":"category","embeddable":true,"href":"https:\/\/www.caririemacao.com\/1\/wp-json\/wp\/v2\/categories?post=315291"},{"taxonomy":"post_tag","embeddable":true,"href":"https:\/\/www.caririemacao.com\/1\/wp-json\/wp\/v2\/tags?post=315291"}],"curies":[{"name":"wp","href":"https:\/\/api.w.org\/{rel}","templated":true}]}}