{"id":315297,"date":"2026-06-01T06:00:59","date_gmt":"2026-06-01T09:00:59","guid":{"rendered":"https:\/\/www.caririemacao.com\/1\/?p=315297"},"modified":"2026-05-31T21:17:37","modified_gmt":"2026-06-01T00:17:37","slug":"iguinho-lulinha-e-desejo-de-menina-estao-confirmados-no-bode-na-rua-2026-em-gurjao","status":"publish","type":"post","link":"https:\/\/www.caririemacao.com\/1\/2026\/06\/01\/iguinho-lulinha-e-desejo-de-menina-estao-confirmados-no-bode-na-rua-2026-em-gurjao\/","title":{"rendered":"Iguinho &#038; Lulinha e Desejo de Menina est\u00e3o confirmados no Bode na Rua 2026 em Gurj\u00e3o"},"content":{"rendered":"<p class=\"isSelectedEnd\">A Prefeitura de Gurj\u00e3o anunciou oficialmente as primeiras atra\u00e7\u00f5es da 24\u00aa edi\u00e7\u00e3o do Bode na Rua, um dos maiores eventos culturais e tur\u00edsticos do Cariri paraibano. Os nomes divulgados para a programa\u00e7\u00e3o deste ano s\u00e3o Iguinho &amp; Lulinha, Desejo de Menina e Os 3 do Nordeste.<\/p>\n<p class=\"isSelectedEnd\">O an\u00fancio foi feito pelo prefeito Z\u00e9 Elias, que destacou a import\u00e2ncia da festa para o fortalecimento da economia local e para a valoriza\u00e7\u00e3o da cultura nordestina.<\/p>\n<p class=\"isSelectedEnd\">\u201cEstamos preparando mais uma grande edi\u00e7\u00e3o do Bode na Rua. Essas s\u00e3o apenas as primeiras atra\u00e7\u00f5es de uma programa\u00e7\u00e3o que ser\u00e1 hist\u00f3rica. Queremos receber bem os visitantes, movimentar nossa economia e proporcionar uma festa \u00e0 altura da tradi\u00e7\u00e3o que o evento conquistou ao longo dos anos\u201d, afirmou o prefeito.<\/p>\n<p class=\"isSelectedEnd\">Reconhecido em toda a Para\u00edba e em estados vizinhos, o Bode na Rua chega \u00e0 sua 24\u00aa edi\u00e7\u00e3o consolidado como uma das principais vitrines da caprinovinocultura e da cultura popular nordestina. Todos os anos, o evento atrai milhares de visitantes para Gurj\u00e3o, impulsionando setores como com\u00e9rcio, turismo, hospedagem e servi\u00e7os.<\/p>\n<p class=\"isSelectedEnd\">A programa\u00e7\u00e3o anunciada re\u00fane diferentes estilos musicais. Iguinho &amp; Lulinha representam um dos maiores fen\u00f4menos do piseiro na atualidade, enquanto a banda Desejo de Menina promete embalar o p\u00fablico com sucessos rom\u00e2nticos que marcaram gera\u00e7\u00f5es. J\u00e1 Os 3 do Nordeste levar\u00e3o ao palco a tradi\u00e7\u00e3o do aut\u00eantico forr\u00f3 p\u00e9-de-serra.<\/p>\n<p>De acordo com a gest\u00e3o municipal, novas atra\u00e7\u00f5es dever\u00e3o ser divulgadas nos pr\u00f3ximos dias, ampliando ainda mais a expectativa para a realiza\u00e7\u00e3o de mais uma edi\u00e7\u00e3o hist\u00f3rica do Bode na Rua.<\/p>\n<p>&nbsp;<\/p>\n<p><strong>CARIRI EM A\u00c7\u00c3O<\/strong><\/p>\n","protected":false},"excerpt":{"rendered":"<p>A Prefeitura de Gurj\u00e3o anunciou oficialmente as primeiras atra\u00e7\u00f5es da 24\u00aa edi\u00e7\u00e3o do Bode na Rua, um dos maiores eventos culturais e tur\u00edsticos do Cariri paraibano. Os nomes divulgados para a programa\u00e7\u00e3o deste ano s\u00e3o Iguinho &amp; Lulinha, Desejo de Menina e Os 3 do Nordeste. O an\u00fancio foi feito pelo prefeito Z\u00e9 Elias, que destacou a import\u00e2ncia da festa para o fortalecimento da economia local e para a valoriza\u00e7\u00e3o da cultura nordestina. \u201cEstamos preparando mais uma grande edi\u00e7\u00e3o do Bode na Rua. Essas s\u00e3o apenas as primeiras atra\u00e7\u00f5es de uma programa\u00e7\u00e3o que ser\u00e1 hist\u00f3rica. Queremos receber bem os visitantes, movimentar nossa economia e proporcionar uma festa \u00e0 altura da tradi\u00e7\u00e3o que o evento conquistou ao longo dos anos\u201d, afirmou o prefeito. Reconhecido em toda a Para\u00edba e em estados vizinhos, o Bode na Rua chega \u00e0 sua 24\u00aa edi\u00e7\u00e3o consolidado como uma das principais vitrines da caprinovinocultura e da cultura popular nordestina. Todos os anos, o evento atrai milhares de visitantes para Gurj\u00e3o, impulsionando setores como com\u00e9rcio, turismo, hospedagem e servi\u00e7os. A programa\u00e7\u00e3o anunciada re\u00fane diferentes estilos musicais. Iguinho &amp; Lulinha representam um dos maiores fen\u00f4menos do piseiro na atualidade, enquanto a banda Desejo de Menina promete embalar o p\u00fablico com sucessos rom\u00e2nticos que marcaram gera\u00e7\u00f5es. J\u00e1 Os 3 do Nordeste levar\u00e3o ao palco a tradi\u00e7\u00e3o do aut\u00eantico forr\u00f3 p\u00e9-de-serra. De acordo com a gest\u00e3o municipal, novas atra\u00e7\u00f5es dever\u00e3o ser divulgadas nos pr\u00f3ximos dias, ampliando ainda mais a expectativa para a realiza\u00e7\u00e3o de mais uma edi\u00e7\u00e3o hist\u00f3rica do Bode na Rua. &nbsp; CARIRI EM A\u00c7\u00c3O<\/p>\n","protected":false},"author":6,"featured_media":315298,"comment_status":"closed","ping_status":"closed","sticky":false,"template":"","format":"standard","meta":{"sfsi_plus_gutenberg_text_before_share":"","sfsi_plus_gutenberg_show_text_before_share":"","sfsi_plus_gutenberg_icon_type":"","sfsi_plus_gutenberg_icon_alignemt":"","sfsi_plus_gutenburg_max_per_row":"","footnotes":""},"categories":[50,2,77],"tags":[],"class_list":["post-315297","post","type-post","status-publish","format-standard","has-post-thumbnail","hentry","category-destaque","category-geral","category-gurjao"],"_links":{"self":[{"href":"https:\/\/www.caririemacao.com\/1\/wp-json\/wp\/v2\/posts\/315297","targetHints":{"allow":["GET"]}}],"collection":[{"href":"https:\/\/www.caririemacao.com\/1\/wp-json\/wp\/v2\/posts"}],"about":[{"href":"https:\/\/www.caririemacao.com\/1\/wp-json\/wp\/v2\/types\/post"}],"author":[{"embeddable":true,"href":"https:\/\/www.caririemacao.com\/1\/wp-json\/wp\/v2\/users\/6"}],"replies":[{"embeddable":true,"href":"https:\/\/www.caririemacao.com\/1\/wp-json\/wp\/v2\/comments?post=315297"}],"version-history":[{"count":1,"href":"https:\/\/www.caririemacao.com\/1\/wp-json\/wp\/v2\/posts\/315297\/revisions"}],"predecessor-version":[{"id":315299,"href":"https:\/\/www.caririemacao.com\/1\/wp-json\/wp\/v2\/posts\/315297\/revisions\/315299"}],"wp:featuredmedia":[{"embeddable":true,"href":"https:\/\/www.caririemacao.com\/1\/wp-json\/wp\/v2\/media\/315298"}],"wp:attachment":[{"href":"https:\/\/www.caririemacao.com\/1\/wp-json\/wp\/v2\/media?parent=315297"}],"wp:term":[{"taxonomy":"category","embeddable":true,"href":"https:\/\/www.caririemacao.com\/1\/wp-json\/wp\/v2\/categories?post=315297"},{"taxonomy":"post_tag","embeddable":true,"href":"https:\/\/www.caririemacao.com\/1\/wp-json\/wp\/v2\/tags?post=315297"}],"curies":[{"name":"wp","href":"https:\/\/api.w.org\/{rel}","templated":true}]}}