{"id":31532,"date":"2017-10-26T10:35:47","date_gmt":"2017-10-26T13:35:47","guid":{"rendered":"http:\/\/caririemacao.com\/1\/?p=31532"},"modified":"2017-10-26T10:35:47","modified_gmt":"2017-10-26T13:35:48","slug":"maioria-da-bancada-da-pb-votou-para-salvar-temer-de-denuncia","status":"publish","type":"post","link":"https:\/\/www.caririemacao.com\/1\/2017\/10\/26\/maioria-da-bancada-da-pb-votou-para-salvar-temer-de-denuncia\/","title":{"rendered":"Maioria da bancada da PB votou para salvar Temer de den\u00fancia"},"content":{"rendered":"<p>A bancada paraibana na C\u00e2mara Federal, composta por 11 deputados, votou em sua maioria por acatar o parecer do relator da 2\u00aa den\u00fancia contra o presidente Temer, recomendando o arquivamento da mesma.<\/p>\n<p>Antes mesmo do pronunciamento da bancada, Temer j\u00e1 conseguido os votos necess\u00e1rios. A oposi\u00e7\u00e3o precisava de 342 votos contra o parecer para que a den\u00fancia prosseguisse.<\/p>\n<p>Os que votaram pelo prosseguimento da den\u00fancia foram Wellington Roberto, Veneziano Vital do Rego, Dami\u00e3o Feliciano, Luiz Couto e Pedro Cunha Lima.<\/p>\n<p>Veja como votaram os deputados da Para\u00edba:<\/p>\n<p>\u2022 Aguinaldo Ribeiro (PP) \u2013 sim<br \/>\n\u2022 Andr\u00e9 Amaral (PMDB) \u2013 sim<br \/>\n\u2022 Benjamin Maranh\u00e3o (SD) \u2013 sim<br \/>\n\u2022 Dami\u00e3o Feliciano (PDT) \u2013 n\u00e3o<br \/>\n\u2022 Efraim Filho (DEM) \u2013 sim<br \/>\n\u2022 Hugo Motta (PMDB) \u2013 sim<br \/>\n\u2022 Luiz Couto (PT) \u2013 n\u00e3o<br \/>\n\u2022 Pedro Cunha Lima (PSDB) \u2013 n\u00e3o<br \/>\n\u2022 R\u00f4mulo Gouveia (PSD) \u2013 sim<br \/>\n\u2022 Veneziano Vital do R\u00eago (PMDB) \u2013 n\u00e3o<br \/>\n\u2022 Wellington Roberto (PR) \u2013 n\u00e3o<br \/>\n\u2022 Wilson Filho (PTB) \u2013 sim<\/p>\n<p><strong>CARIRI EM A\u00c7\u00c3O<\/strong><\/p>\n<p><em>Com Wscom\/Foto: Reprodu\u00e7\u00e3o Google\u00a0\u00a0<\/em><\/p>\n<p><strong>Leia mais not\u00edcias em\u00a0<\/strong><a href=\"http:\/\/www.caririemacao.com\/\"><strong>caririemacao.com<\/strong><\/a><strong>, siga nossa p\u00e1gina no\u00a0<\/strong><a href=\"https:\/\/www.facebook.com\/CaririEmAcao\/?ref=aymt_homepage_panel\"><strong>Facebook<\/strong><\/a>,<strong>\u00a0<a href=\"https:\/\/www.instagram.com\/cariri_em_acao\/?hl=pt-br\">Instagram<\/a>\u00a0e <\/strong><a href=\"https:\/\/www.youtube.com\/channel\/UCAptA0jQuYQy8vMhLt2m4qg\"><strong>Youtube<\/strong><\/a><strong>\u00a0e veja nossas mat\u00e9rias, v\u00eddeos e fotos. Voc\u00ea tamb\u00e9m pode enviar informa\u00e7\u00f5es \u00e0 Reda\u00e7\u00e3o do Portal Cariri em A\u00e7\u00e3o pelo WhatsApp (83) 9 9634.5791, (83) 9 9601-1162.<\/strong><\/p>\n","protected":false},"excerpt":{"rendered":"<p>A bancada paraibana na C\u00e2mara Federal, composta por 11 deputados, votou em sua maioria por acatar o parecer do relator da 2\u00aa den\u00fancia contra o&hellip; <\/p>\n","protected":false},"author":2,"featured_media":31533,"comment_status":"closed","ping_status":"closed","sticky":false,"template":"","format":"standard","meta":{"sfsi_plus_gutenberg_text_before_share":"","sfsi_plus_gutenberg_show_text_before_share":"","sfsi_plus_gutenberg_icon_type":"","sfsi_plus_gutenberg_icon_alignemt":"","sfsi_plus_gutenburg_max_per_row":"","footnotes":""},"categories":[11],"tags":[],"class_list":["post-31532","post","type-post","status-publish","format-standard","has-post-thumbnail","hentry","category-politica"],"_links":{"self":[{"href":"https:\/\/www.caririemacao.com\/1\/wp-json\/wp\/v2\/posts\/31532","targetHints":{"allow":["GET"]}}],"collection":[{"href":"https:\/\/www.caririemacao.com\/1\/wp-json\/wp\/v2\/posts"}],"about":[{"href":"https:\/\/www.caririemacao.com\/1\/wp-json\/wp\/v2\/types\/post"}],"author":[{"embeddable":true,"href":"https:\/\/www.caririemacao.com\/1\/wp-json\/wp\/v2\/users\/2"}],"replies":[{"embeddable":true,"href":"https:\/\/www.caririemacao.com\/1\/wp-json\/wp\/v2\/comments?post=31532"}],"version-history":[{"count":0,"href":"https:\/\/www.caririemacao.com\/1\/wp-json\/wp\/v2\/posts\/31532\/revisions"}],"wp:featuredmedia":[{"embeddable":true,"href":"https:\/\/www.caririemacao.com\/1\/wp-json\/wp\/v2\/media\/31533"}],"wp:attachment":[{"href":"https:\/\/www.caririemacao.com\/1\/wp-json\/wp\/v2\/media?parent=31532"}],"wp:term":[{"taxonomy":"category","embeddable":true,"href":"https:\/\/www.caririemacao.com\/1\/wp-json\/wp\/v2\/categories?post=31532"},{"taxonomy":"post_tag","embeddable":true,"href":"https:\/\/www.caririemacao.com\/1\/wp-json\/wp\/v2\/tags?post=31532"}],"curies":[{"name":"wp","href":"https:\/\/api.w.org\/{rel}","templated":true}]}}