{"id":31535,"date":"2017-10-26T10:40:25","date_gmt":"2017-10-26T13:40:25","guid":{"rendered":"http:\/\/caririemacao.com\/1\/?p=31535"},"modified":"2017-10-26T10:40:25","modified_gmt":"2017-10-26T13:40:25","slug":"comissao-ira-julgar-expulsao-de-neymar-nesta-quinta","status":"publish","type":"post","link":"https:\/\/www.caririemacao.com\/1\/2017\/10\/26\/comissao-ira-julgar-expulsao-de-neymar-nesta-quinta\/","title":{"rendered":"Comiss\u00e3o ir\u00e1 julgar expuls\u00e3o de Neymar nesta quinta"},"content":{"rendered":"<p>Expulso no \u00faltimo jogo do PSG, Neymar ter\u00e1 seu caso avaliado pela Comiss\u00e3o Disciplinar da Liga Francesa nesta tarde, informa o L\u2019\u00c9quipe. O advers\u00e1rio do clube de Paris na partida, o Olympique Marselha, tamb\u00e9m ser\u00e1 julgado. A torcida do time do sul da Fran\u00e7a lan\u00e7ou diversos objetos em campo durante o jogo, que terminou empatado em 2 a 2.<\/p>\n<p>Neymar, automaticamente, fica suspenso um jogo, se a comiss\u00e3o entender, pode ampliar a puini\u00e7\u00e3o. Ele foi expulso ap\u00f3s ir pra cima de um advers\u00e1rio ap\u00f3s uma entrada dura recebida.<\/p>\n<p>\u201cFalei com ele. Ele n\u00e3o deve ceder \u00e0 provoca\u00e7\u00e3o. Mas eu entendo, os jogadores s\u00e3o seres humanos \u201c, disse Unai Emery, t\u00e9cnico do PSG.<\/p>\n<p>Nessa segunda, Andr\u00e9-Frank Zambo Anguissa, do Marselha, afirmou que seu treinador, Rudi Garcia, orientou seus jogadores a provocarem o brasileiro:<\/p>\n<p>\u201c(Nosso) treinador alertou que Neymar \u00e9 \u2018um talento enorme, mas que pode ficar louco\u201d, afirmou em entrevista.<\/p>\n<p><strong>CARIRI EM A\u00c7\u00c3O<\/strong><\/p>\n<p><em>Com Not\u00edcias ao Minuto\/Foto: Reprodu\u00e7\u00e3o Google\u00a0\u00a0<\/em><\/p>\n<p><strong>Leia mais not\u00edcias em\u00a0<\/strong><a href=\"http:\/\/www.caririemacao.com\/\"><strong>caririemacao.com<\/strong><\/a><strong>, siga nossa p\u00e1gina no\u00a0<\/strong><a href=\"https:\/\/www.facebook.com\/CaririEmAcao\/?ref=aymt_homepage_panel\"><strong>Facebook<\/strong><\/a>,<strong>\u00a0<a href=\"https:\/\/www.instagram.com\/cariri_em_acao\/?hl=pt-br\">Instagram<\/a>\u00a0e <\/strong><a href=\"https:\/\/www.youtube.com\/channel\/UCAptA0jQuYQy8vMhLt2m4qg\"><strong>Youtube<\/strong><\/a><strong>\u00a0e veja nossas mat\u00e9rias, v\u00eddeos e fotos. Voc\u00ea tamb\u00e9m pode enviar informa\u00e7\u00f5es \u00e0 Reda\u00e7\u00e3o do Portal Cariri em A\u00e7\u00e3o pelo WhatsApp (83) 9 9634.5791, (83) 9 9601-1162.<\/strong><\/p>\n","protected":false},"excerpt":{"rendered":"<p>Expulso no \u00faltimo jogo do PSG, Neymar ter\u00e1 seu caso avaliado pela Comiss\u00e3o Disciplinar da Liga Francesa nesta tarde, informa o L\u2019\u00c9quipe. O advers\u00e1rio do&hellip; <\/p>\n","protected":false},"author":2,"featured_media":31536,"comment_status":"closed","ping_status":"closed","sticky":false,"template":"","format":"standard","meta":{"sfsi_plus_gutenberg_text_before_share":"","sfsi_plus_gutenberg_show_text_before_share":"","sfsi_plus_gutenberg_icon_type":"","sfsi_plus_gutenberg_icon_alignemt":"","sfsi_plus_gutenburg_max_per_row":"","footnotes":""},"categories":[13],"tags":[],"class_list":["post-31535","post","type-post","status-publish","format-standard","has-post-thumbnail","hentry","category-esportes"],"_links":{"self":[{"href":"https:\/\/www.caririemacao.com\/1\/wp-json\/wp\/v2\/posts\/31535","targetHints":{"allow":["GET"]}}],"collection":[{"href":"https:\/\/www.caririemacao.com\/1\/wp-json\/wp\/v2\/posts"}],"about":[{"href":"https:\/\/www.caririemacao.com\/1\/wp-json\/wp\/v2\/types\/post"}],"author":[{"embeddable":true,"href":"https:\/\/www.caririemacao.com\/1\/wp-json\/wp\/v2\/users\/2"}],"replies":[{"embeddable":true,"href":"https:\/\/www.caririemacao.com\/1\/wp-json\/wp\/v2\/comments?post=31535"}],"version-history":[{"count":0,"href":"https:\/\/www.caririemacao.com\/1\/wp-json\/wp\/v2\/posts\/31535\/revisions"}],"wp:featuredmedia":[{"embeddable":true,"href":"https:\/\/www.caririemacao.com\/1\/wp-json\/wp\/v2\/media\/31536"}],"wp:attachment":[{"href":"https:\/\/www.caririemacao.com\/1\/wp-json\/wp\/v2\/media?parent=31535"}],"wp:term":[{"taxonomy":"category","embeddable":true,"href":"https:\/\/www.caririemacao.com\/1\/wp-json\/wp\/v2\/categories?post=31535"},{"taxonomy":"post_tag","embeddable":true,"href":"https:\/\/www.caririemacao.com\/1\/wp-json\/wp\/v2\/tags?post=31535"}],"curies":[{"name":"wp","href":"https:\/\/api.w.org\/{rel}","templated":true}]}}