{"id":31546,"date":"2017-10-26T10:55:32","date_gmt":"2017-10-26T13:55:32","guid":{"rendered":"http:\/\/caririemacao.com\/1\/?p=31546"},"modified":"2017-10-26T10:55:32","modified_gmt":"2017-10-26T13:55:32","slug":"quilombolas-tem-menos-de-4-de-areas-tituladas","status":"publish","type":"post","link":"https:\/\/www.caririemacao.com\/1\/2017\/10\/26\/quilombolas-tem-menos-de-4-de-areas-tituladas\/","title":{"rendered":"Quilombolas t\u00eam menos de 4% de \u00e1reas tituladas"},"content":{"rendered":"<p>Dos mais de 1.600 processos de titula\u00e7\u00f5es de terras de \u00e1reas quilombolas, menos de 4% foram conclu\u00eddos no Brasil. O levantamento \u00e9 da organiza\u00e7\u00e3o n\u00e3o governamental Justi\u00e7a Global, umas das institui\u00e7\u00f5es presentes na audi\u00eancia p\u00fablica realizada nessa segunda-feira (23), no Uruguai, pela Comiss\u00e3o Interamericana de Direitos Humanos da OEA, a Organiza\u00e7\u00e3o dos Estados Americanos.<\/p>\n<p>A audi\u00eancia, feita para discutir viola\u00e7\u00f5es do direito \u00e0 terra dos quilombolas brasileiros, foi solicitada pela Coordena\u00e7\u00e3o Nacional de Articula\u00e7\u00e3o das Comunidades Negras Rurais Quilombolas (Conaq), em parceria com institui\u00e7\u00f5es como a Justi\u00e7a Global, representada por Daniela Fichino.<\/p>\n<p>O or\u00e7amento espec\u00edfico para a titula\u00e7\u00e3o de terras j\u00e1 chegou a mais de R$ 50 milh\u00f5es, em 2012, e desde ent\u00e3o vem caindo. Para 2017 foram or\u00e7ados R$ 3,5 milh\u00f5es.<\/p>\n<p>Tamb\u00e9m foi criticada, na audi\u00eancia, a A\u00e7\u00e3o Direta de Inconstitucionalidade contra o decreto que regulamenta a demarca\u00e7\u00e3o e titula\u00e7\u00e3o dos territ\u00f3rios quilombolas, que est\u00e1 em julgamento no Supremo Tribunal Federal (STF).<\/p>\n<p>Outro tema tratado foi o aumento do n\u00famero de l\u00edderes quilombolas assassinados. Em 2017 foram 21 pessoas, contra oito do ano passado.<\/p>\n<p>O espa\u00e7o aberto pela Comiss\u00e3o Interamericana de Direitos Humanos da OEA n\u00e3o tem poder para punir o Brasil, mas Daniel Fichino acredita que a press\u00e3o internacional aumenta com a exposi\u00e7\u00e3o do problema em um espa\u00e7o de discuss\u00e3o internacional.<\/p>\n<p>O Estado brasileiro n\u00e3o foi representado na audi\u00eancia. O argumento para a aus\u00eancia do representante foi um problema no trajeto de avi\u00e3o.<\/p>\n<p>Depois da audi\u00eancia foi realizada uma reuni\u00e3o entre a sociedade civil e os representantes do Estado para exp\u00f4r os problemas.<\/p>\n<p><strong>CARIRI EM A\u00c7\u00c3O<\/strong><\/p>\n<p><em>Com Ag\u00eancia Brasil\/Foto: Reprodu\u00e7\u00e3o Google\u00a0\u00a0<\/em><\/p>\n<p><strong>Leia mais not\u00edcias em\u00a0<\/strong><a href=\"http:\/\/www.caririemacao.com\/\"><strong>caririemacao.com<\/strong><\/a><strong>, siga nossa p\u00e1gina no\u00a0<\/strong><a href=\"https:\/\/www.facebook.com\/CaririEmAcao\/?ref=aymt_homepage_panel\"><strong>Facebook<\/strong><\/a>,<strong>\u00a0<a href=\"https:\/\/www.instagram.com\/cariri_em_acao\/?hl=pt-br\">Instagram<\/a>\u00a0e <\/strong><a href=\"https:\/\/www.youtube.com\/channel\/UCAptA0jQuYQy8vMhLt2m4qg\"><strong>Youtube<\/strong><\/a><strong>\u00a0e veja nossas mat\u00e9rias, v\u00eddeos e fotos. Voc\u00ea tamb\u00e9m pode enviar informa\u00e7\u00f5es \u00e0 Reda\u00e7\u00e3o do Portal Cariri em A\u00e7\u00e3o pelo WhatsApp (83) 9 9634.5791, (83) 9 9601-1162.<\/strong><\/p>\n","protected":false},"excerpt":{"rendered":"<p>Dos mais de 1.600 processos de titula\u00e7\u00f5es de terras de \u00e1reas quilombolas, menos de 4% foram conclu\u00eddos no Brasil. O levantamento \u00e9 da organiza\u00e7\u00e3o n\u00e3o&hellip; <\/p>\n","protected":false},"author":2,"featured_media":31548,"comment_status":"closed","ping_status":"closed","sticky":false,"template":"","format":"standard","meta":{"sfsi_plus_gutenberg_text_before_share":"","sfsi_plus_gutenberg_show_text_before_share":"","sfsi_plus_gutenberg_icon_type":"","sfsi_plus_gutenberg_icon_alignemt":"","sfsi_plus_gutenburg_max_per_row":"","footnotes":""},"categories":[2],"tags":[],"class_list":["post-31546","post","type-post","status-publish","format-standard","has-post-thumbnail","hentry","category-geral"],"_links":{"self":[{"href":"https:\/\/www.caririemacao.com\/1\/wp-json\/wp\/v2\/posts\/31546","targetHints":{"allow":["GET"]}}],"collection":[{"href":"https:\/\/www.caririemacao.com\/1\/wp-json\/wp\/v2\/posts"}],"about":[{"href":"https:\/\/www.caririemacao.com\/1\/wp-json\/wp\/v2\/types\/post"}],"author":[{"embeddable":true,"href":"https:\/\/www.caririemacao.com\/1\/wp-json\/wp\/v2\/users\/2"}],"replies":[{"embeddable":true,"href":"https:\/\/www.caririemacao.com\/1\/wp-json\/wp\/v2\/comments?post=31546"}],"version-history":[{"count":0,"href":"https:\/\/www.caririemacao.com\/1\/wp-json\/wp\/v2\/posts\/31546\/revisions"}],"wp:featuredmedia":[{"embeddable":true,"href":"https:\/\/www.caririemacao.com\/1\/wp-json\/wp\/v2\/media\/31548"}],"wp:attachment":[{"href":"https:\/\/www.caririemacao.com\/1\/wp-json\/wp\/v2\/media?parent=31546"}],"wp:term":[{"taxonomy":"category","embeddable":true,"href":"https:\/\/www.caririemacao.com\/1\/wp-json\/wp\/v2\/categories?post=31546"},{"taxonomy":"post_tag","embeddable":true,"href":"https:\/\/www.caririemacao.com\/1\/wp-json\/wp\/v2\/tags?post=31546"}],"curies":[{"name":"wp","href":"https:\/\/api.w.org\/{rel}","templated":true}]}}