{"id":31569,"date":"2017-10-26T06:30:59","date_gmt":"2017-10-26T09:30:59","guid":{"rendered":"http:\/\/caririemacao.com\/1\/?p=31569"},"modified":"2017-10-26T11:41:25","modified_gmt":"2017-10-26T14:41:25","slug":"pesquisa-internacional-aponta-que-michel-temer-e-o-presidente-mais-impopular-do-mundo","status":"publish","type":"post","link":"https:\/\/www.caririemacao.com\/1\/2017\/10\/26\/pesquisa-internacional-aponta-que-michel-temer-e-o-presidente-mais-impopular-do-mundo\/","title":{"rendered":"Pesquisa internacional aponta que Michel Temer \u00e9 o presidente mais impopular do mundo"},"content":{"rendered":"<p>O brasileiro Michel Temer \u00e9 considerado o presidente com maior taxa de rejei\u00e7\u00e3o do mundo, atr\u00e1s at\u00e9 do venezuelano Nicol\u00e1s Maduro, indicou uma pesquisa do grupo de an\u00e1lise pol\u00edtica Eurasia. De acordo com a sondagem, que coletou dados a partir do m\u00eas de agosto, Temer det\u00e9m 3% de aprova\u00e7\u00e3o popular, a menor em todo o mundo.<\/p>\n<p>O presidente da \u00c1frica do Sul, Jacob Zuma, que enfrenta den\u00fancias de corrup\u00e7\u00e3o, tem 18%. J\u00e1 o venezuelano Nicol\u00e1s Maduro, que trava um confronto pol\u00edtico interno com a oposi\u00e7\u00e3o e cujo pa\u00eds fora sancionado em f\u00f3runs internacionais devido \u00e0 censura e pris\u00e3o de seus advers\u00e1rios, tem 23% de apoio popular.<\/p>\n<p>A lista dos l\u00edderes \u201cmais impopulares\u201d conta ainda com o mexicano Enrique Pen\u00e3 Nieto, com 28% de aprova\u00e7\u00e3o; a premier brit\u00e2nica, Theresa May, que possui 31% e conduz o pol\u00eamico processo de sa\u00edda do Reino Unido da Uni\u00e3o Europeia (UE); o norte-americano Donald Trump, com 37%; e o franc\u00eas Emmanuel Macron, com 45%, que, apesar de rec\u00e9m-eleito, tem gerado rea\u00e7\u00f5es internas por seus projetos de reformas.<\/p>\n<p>Ontem, Temer se livrou de sua segunda den\u00fancia em tr\u00eas meses. A C\u00e2mara dos Deputados negou o prosseguimento da den\u00fancia de obstru\u00e7\u00e3o de justi\u00e7a e participa\u00e7\u00e3o em organiza\u00e7\u00e3o criminosa, por 251 votos a favor e 233 contr\u00e1rios. Com informa\u00e7\u00f5es da ANSA.<\/p>\n<p><strong>CARIRI EM A\u00c7\u00c3O<\/strong><\/p>\n<p><em>Com <\/em><em>Polemicaparaiba<\/em><em>\/Foto: Reprodu\u00e7\u00e3o Google\u00a0\u00a0<\/em><\/p>\n<p><strong>Leia mais not\u00edcias em\u00a0<\/strong><a href=\"http:\/\/www.caririemacao.com\/\"><strong>caririemacao.com<\/strong><\/a><strong>, siga nossa p\u00e1gina no\u00a0<\/strong><a href=\"https:\/\/www.facebook.com\/CaririEmAcao\/?ref=aymt_homepage_panel\"><strong>Facebook<\/strong><\/a>,<strong>\u00a0<a href=\"https:\/\/www.instagram.com\/cariri_em_acao\/?hl=pt-br\">Instagram<\/a>\u00a0e <\/strong><a href=\"https:\/\/www.youtube.com\/channel\/UCAptA0jQuYQy8vMhLt2m4qg\"><strong>Youtube<\/strong><\/a><strong>\u00a0e veja nossas mat\u00e9rias, v\u00eddeos e fotos. Voc\u00ea tamb\u00e9m pode enviar informa\u00e7\u00f5es \u00e0 Reda\u00e7\u00e3o do Portal Cariri em A\u00e7\u00e3o pelo WhatsApp (83) 9 9634.5791, (83) 9 9601-1162.<\/strong><\/p>\n","protected":false},"excerpt":{"rendered":"<p>O brasileiro Michel Temer \u00e9 considerado o presidente com maior taxa de rejei\u00e7\u00e3o do mundo, atr\u00e1s at\u00e9 do venezuelano Nicol\u00e1s Maduro, indicou uma pesquisa do&hellip; <\/p>\n","protected":false},"author":2,"featured_media":31570,"comment_status":"closed","ping_status":"closed","sticky":false,"template":"","format":"standard","meta":{"sfsi_plus_gutenberg_text_before_share":"","sfsi_plus_gutenberg_show_text_before_share":"","sfsi_plus_gutenberg_icon_type":"","sfsi_plus_gutenberg_icon_alignemt":"","sfsi_plus_gutenburg_max_per_row":"","footnotes":""},"categories":[2],"tags":[],"class_list":["post-31569","post","type-post","status-publish","format-standard","has-post-thumbnail","hentry","category-geral"],"_links":{"self":[{"href":"https:\/\/www.caririemacao.com\/1\/wp-json\/wp\/v2\/posts\/31569","targetHints":{"allow":["GET"]}}],"collection":[{"href":"https:\/\/www.caririemacao.com\/1\/wp-json\/wp\/v2\/posts"}],"about":[{"href":"https:\/\/www.caririemacao.com\/1\/wp-json\/wp\/v2\/types\/post"}],"author":[{"embeddable":true,"href":"https:\/\/www.caririemacao.com\/1\/wp-json\/wp\/v2\/users\/2"}],"replies":[{"embeddable":true,"href":"https:\/\/www.caririemacao.com\/1\/wp-json\/wp\/v2\/comments?post=31569"}],"version-history":[{"count":0,"href":"https:\/\/www.caririemacao.com\/1\/wp-json\/wp\/v2\/posts\/31569\/revisions"}],"wp:featuredmedia":[{"embeddable":true,"href":"https:\/\/www.caririemacao.com\/1\/wp-json\/wp\/v2\/media\/31570"}],"wp:attachment":[{"href":"https:\/\/www.caririemacao.com\/1\/wp-json\/wp\/v2\/media?parent=31569"}],"wp:term":[{"taxonomy":"category","embeddable":true,"href":"https:\/\/www.caririemacao.com\/1\/wp-json\/wp\/v2\/categories?post=31569"},{"taxonomy":"post_tag","embeddable":true,"href":"https:\/\/www.caririemacao.com\/1\/wp-json\/wp\/v2\/tags?post=31569"}],"curies":[{"name":"wp","href":"https:\/\/api.w.org\/{rel}","templated":true}]}}