{"id":317340,"date":"2026-07-13T11:36:59","date_gmt":"2026-07-13T14:36:59","guid":{"rendered":"https:\/\/www.caririemacao.com\/1\/?p=317340"},"modified":"2026-07-13T11:36:59","modified_gmt":"2026-07-13T14:36:59","slug":"confira-as-principais-datas-do-calendario-eleitoral","status":"publish","type":"post","link":"https:\/\/www.caririemacao.com\/1\/2026\/07\/13\/confira-as-principais-datas-do-calendario-eleitoral\/","title":{"rendered":"Confira as principais datas do calend\u00e1rio eleitoral"},"content":{"rendered":"<div class=\"subtitulo mb-3\"><em><strong>Dia 20 de julho tamb\u00e9m marcar\u00e1 a abertura do prazo para pedidos de voto em tr\u00e2nsito. O primeiro turno das elei\u00e7\u00f5es gerais est\u00e1 marcado para o outubro.<\/strong><\/em><\/div>\n<div><\/div>\n<div>\n<p class=\"wp-block-paragraph\">O primeiro turno das elei\u00e7\u00f5es gerais est\u00e1 marcado para o dia 4 de outubro. Faltando menos de tr\u00eas meses para o pleito, eleitores e candidatos devem observar diversas regras previstas na Lei 9.504 de 1997, conhecida como\u00a0Lei das Elei\u00e7\u00f5es, e nas resolu\u00e7\u00f5es aprovadas pelo Tribunal Superior Eleitoral (TSE).<img decoding=\"async\" src=\"https:\/\/agenciabrasil.ebc.com.br\/ebc.png?id=1696493&amp;o=node\" \/><img decoding=\"async\" src=\"https:\/\/agenciabrasil.ebc.com.br\/ebc.gif?id=1696493&amp;o=node\" \/><\/p>\n<p class=\"wp-block-paragraph\">A partir das pr\u00f3ximas semanas, as principais datas j\u00e1 come\u00e7am a mobilizar eleitores, candidatos e partidos.<\/p>\n<h2 class=\"wp-block-heading\">Conven\u00e7\u00f5es<\/h2>\n<p class=\"wp-block-paragraph\"><strong>As conven\u00e7\u00f5es partid\u00e1rias est\u00e3o autorizadas a partir do dia 20 de julho at\u00e9 5 de agosto.<\/strong><\/p>\n<p class=\"wp-block-paragraph\">Para concorrer \u00e0s vagas disputadas nas elei\u00e7\u00f5es de outubro, os candidatos precisam ter seus nomes aprovados pelos partidos. A escolha \u00e9 realizada por meio das conven\u00e7\u00f5es.<\/p>\n<p class=\"wp-block-paragraph\">Ap\u00f3s serem chanceladas pelas legendas,\u00a0<strong>as candidaturas devem ser registradas\u00a0na Justi\u00e7a Eleitoral at\u00e9 15 de agosto.<\/strong><\/p>\n<h2 class=\"wp-block-heading\">Voto em tr\u00e2nsito<\/h2>\n<p class=\"wp-block-paragraph\"><strong>O dia 20 de julho tamb\u00e9m marcar\u00e1 a abertura do prazo para pedidos de\u00a0voto em tr\u00e2nsito<\/strong>, mecanismo que permite ao eleitor votar fora de sua cidade (domic\u00edlio eleitoral) no dia da elei\u00e7\u00e3o. Os detalhes da solicita\u00e7\u00e3o ainda ser\u00e3o divulgados pela Justi\u00e7a Eleitoral.<\/p>\n<p class=\"wp-block-paragraph\">O eleitor quer estiver em outra cidade, mas dentro de seu estado, poder\u00e1 votar para presidente da Rep\u00fablica, governador, deputados federal, estadual e distrital. Se estiver em outro estado, somente para presidente.<\/p>\n<p class=\"wp-block-paragraph\"><strong>O voto em tr\u00e2nsito estar\u00e1 dispon\u00edvel nas capitais e munic\u00edpios com mais de 100 mil eleitores.<\/strong><\/p>\n<p class=\"wp-block-paragraph\">O prazo tamb\u00e9m vale para pessoas com defici\u00eancia solicitarem mudan\u00e7a do local de vota\u00e7\u00e3o.<\/p>\n<h2 class=\"wp-block-heading\">Propaganda eleitoral<\/h2>\n<p class=\"wp-block-paragraph\"><strong>A propaganda eleitoral nas ruas vai come\u00e7ar no dia 16 de agosto. Os candidatos poder\u00e3o participar de carreatas e passeatas entre as 8h e as 22h.<\/strong>\u00a0As mobiliza\u00e7\u00f5es devem manter dist\u00e2ncia m\u00ednima de 200 metros das sedes dos Poderes Executivo e Legislativo, \u00a0al\u00e9m de tribunais, quart\u00e9is militares, hospitais, escolas e igrejas.<\/p>\n<p class=\"wp-block-paragraph\">Os com\u00edcios podem ser realizados entre as 8h e a meia-noite. Os an\u00fancios pagos na imprensa escrita e internet tamb\u00e9m estar\u00e3o liberados a partir desta data.<\/p>\n<p class=\"wp-block-paragraph\">A propaganda eleitoral gratuita no r\u00e1dio e televis\u00e3o ser\u00e1 permitida entre 28 de agosto e 1\u00b0 de outubro.<\/p>\n<h2 class=\"wp-block-heading\">Elei\u00e7\u00f5es<\/h2>\n<p class=\"wp-block-paragraph\"><strong>O primeiro turno ser\u00e1 realizado no dia 4 de outubro, quando ser\u00e3o eleitos deputados federais, estaduais, distritais, governadores, senadores e o presidente da Rep\u00fablica.<\/strong><\/p>\n<p class=\"wp-block-paragraph\"><strong>O segundo turno est\u00e1 marcado para o dia 25 e pode ocorrer na disputa para os cargos de governador e presidente<\/strong>. Os eleitores voltar\u00e3o \u00e0s urnas se nenhum dos candidatos obtiver mais de 50% dos votos v\u00e1lidos, excluindo brancos e nulos, no primeiro turno.<\/p>\n<p>FONTE: Portal Correio<\/p>\n<\/div>\n","protected":false},"excerpt":{"rendered":"<p>Dia 20 de julho tamb\u00e9m marcar\u00e1 a abertura do prazo para pedidos de voto em tr\u00e2nsito. O primeiro turno das elei\u00e7\u00f5es gerais est\u00e1 marcado para o outubro. O primeiro turno das elei\u00e7\u00f5es gerais est\u00e1 marcado para o dia 4 de outubro. Faltando menos de tr\u00eas meses para o pleito, eleitores e candidatos devem observar diversas regras previstas na Lei 9.504 de 1997, conhecida como\u00a0Lei das Elei\u00e7\u00f5es, e nas resolu\u00e7\u00f5es aprovadas pelo Tribunal Superior Eleitoral (TSE). A partir das pr\u00f3ximas semanas, as principais datas j\u00e1 come\u00e7am a mobilizar eleitores, candidatos e partidos. Conven\u00e7\u00f5es As conven\u00e7\u00f5es partid\u00e1rias est\u00e3o autorizadas a partir do dia 20 de julho at\u00e9 5 de agosto. Para concorrer \u00e0s vagas disputadas nas elei\u00e7\u00f5es de outubro, os candidatos precisam ter seus nomes aprovados pelos partidos. A escolha \u00e9 realizada por meio das conven\u00e7\u00f5es. Ap\u00f3s serem chanceladas pelas legendas,\u00a0as candidaturas devem ser registradas\u00a0na Justi\u00e7a Eleitoral at\u00e9 15 de agosto. Voto em tr\u00e2nsito O dia 20 de julho tamb\u00e9m marcar\u00e1 a abertura do prazo para pedidos de\u00a0voto em tr\u00e2nsito, mecanismo que permite ao eleitor votar fora de sua cidade (domic\u00edlio eleitoral) no dia da elei\u00e7\u00e3o. Os detalhes da solicita\u00e7\u00e3o ainda ser\u00e3o divulgados pela Justi\u00e7a Eleitoral. O eleitor quer estiver em outra cidade, mas dentro de seu estado, poder\u00e1 votar para presidente da Rep\u00fablica, governador, deputados federal, estadual e distrital. Se estiver em outro estado, somente para presidente. O voto em tr\u00e2nsito estar\u00e1 dispon\u00edvel nas capitais e munic\u00edpios com mais de 100 mil eleitores. O prazo tamb\u00e9m vale para pessoas com defici\u00eancia solicitarem mudan\u00e7a do local de vota\u00e7\u00e3o. Propaganda eleitoral A propaganda eleitoral nas ruas vai come\u00e7ar no dia 16 de agosto. Os candidatos poder\u00e3o participar de carreatas e passeatas entre as 8h e as 22h.\u00a0As mobiliza\u00e7\u00f5es devem manter dist\u00e2ncia m\u00ednima de 200 metros das sedes dos Poderes Executivo e Legislativo, \u00a0al\u00e9m de tribunais, quart\u00e9is militares, hospitais, escolas e igrejas. Os com\u00edcios podem ser realizados entre as 8h e a meia-noite. Os an\u00fancios pagos na imprensa escrita e internet tamb\u00e9m estar\u00e3o liberados a partir desta data. A propaganda eleitoral gratuita no r\u00e1dio e televis\u00e3o ser\u00e1 permitida entre 28 de agosto e 1\u00b0 de outubro. Elei\u00e7\u00f5es O primeiro turno ser\u00e1 realizado no dia 4 de outubro, quando ser\u00e3o eleitos deputados federais, estaduais, distritais, governadores, senadores e o presidente da Rep\u00fablica. O segundo turno est\u00e1 marcado para o dia 25 e pode ocorrer na disputa para os cargos de governador e presidente. Os eleitores voltar\u00e3o \u00e0s urnas se nenhum dos candidatos obtiver mais de 50% dos votos v\u00e1lidos, excluindo brancos e nulos, no primeiro turno. FONTE: Portal Correio<\/p>\n","protected":false},"author":6,"featured_media":317341,"comment_status":"closed","ping_status":"closed","sticky":false,"template":"","format":"standard","meta":{"sfsi_plus_gutenberg_text_before_share":"","sfsi_plus_gutenberg_show_text_before_share":"","sfsi_plus_gutenberg_icon_type":"","sfsi_plus_gutenberg_icon_alignemt":"","sfsi_plus_gutenburg_max_per_row":"","footnotes":""},"categories":[50],"tags":[],"class_list":["post-317340","post","type-post","status-publish","format-standard","has-post-thumbnail","hentry","category-destaque"],"_links":{"self":[{"href":"https:\/\/www.caririemacao.com\/1\/wp-json\/wp\/v2\/posts\/317340","targetHints":{"allow":["GET"]}}],"collection":[{"href":"https:\/\/www.caririemacao.com\/1\/wp-json\/wp\/v2\/posts"}],"about":[{"href":"https:\/\/www.caririemacao.com\/1\/wp-json\/wp\/v2\/types\/post"}],"author":[{"embeddable":true,"href":"https:\/\/www.caririemacao.com\/1\/wp-json\/wp\/v2\/users\/6"}],"replies":[{"embeddable":true,"href":"https:\/\/www.caririemacao.com\/1\/wp-json\/wp\/v2\/comments?post=317340"}],"version-history":[{"count":1,"href":"https:\/\/www.caririemacao.com\/1\/wp-json\/wp\/v2\/posts\/317340\/revisions"}],"predecessor-version":[{"id":317342,"href":"https:\/\/www.caririemacao.com\/1\/wp-json\/wp\/v2\/posts\/317340\/revisions\/317342"}],"wp:featuredmedia":[{"embeddable":true,"href":"https:\/\/www.caririemacao.com\/1\/wp-json\/wp\/v2\/media\/317341"}],"wp:attachment":[{"href":"https:\/\/www.caririemacao.com\/1\/wp-json\/wp\/v2\/media?parent=317340"}],"wp:term":[{"taxonomy":"category","embeddable":true,"href":"https:\/\/www.caririemacao.com\/1\/wp-json\/wp\/v2\/categories?post=317340"},{"taxonomy":"post_tag","embeddable":true,"href":"https:\/\/www.caririemacao.com\/1\/wp-json\/wp\/v2\/tags?post=317340"}],"curies":[{"name":"wp","href":"https:\/\/api.w.org\/{rel}","templated":true}]}}