{"id":317410,"date":"2026-07-14T18:57:12","date_gmt":"2026-07-14T21:57:12","guid":{"rendered":"https:\/\/www.caririemacao.com\/1\/?p=317410"},"modified":"2026-07-14T18:57:12","modified_gmt":"2026-07-14T21:57:12","slug":"espanha-domina-franca-vence-por-2-x-0-e-esta-na-final-da-copa-do-mundo","status":"publish","type":"post","link":"https:\/\/www.caririemacao.com\/1\/2026\/07\/14\/espanha-domina-franca-vence-por-2-x-0-e-esta-na-final-da-copa-do-mundo\/","title":{"rendered":"Espanha domina Fran\u00e7a, vence por 2 x 0 e est\u00e1 na final da Copa do Mundo"},"content":{"rendered":"<p class=\"has-text-align-center wp-block-paragraph\" style=\"text-align: center;\"><em>A Espanha \u00e9 a primeira finalista da Copa do Mundo de 2026 ap\u00f3s vencer a Fran\u00e7a nesta ter\u00e7a-feira (14\/7)<\/em><\/p>\n<p class=\"wp-block-paragraph\">A Espanha \u00e9 a primeira finalista da\u00a0Copa do Mundo de 2026.\u00a0Nesta ter\u00e7a-feira (14\/7),\u00a0Fran\u00e7a\u00a0e\u00a0Espanha\u00a0se enfrentam no Est\u00e1dio de Dallas (AT&amp;T Stadium), nos Estados Unidos, pela semifinal da competi\u00e7\u00e3o e os espanh\u00f3is venceram por 2 x 0.<\/p>\n<p class=\"wp-block-paragraph\">Os gols foram marcados pelo atacante Oyarzabal, de p\u00eanalti, aos 22 minutos do primeiro tempo, e pelo lateral Pedro Porro, aos 13 do segundo tempo.<\/p>\n<p class=\"wp-block-paragraph\"><strong>1\u00ba tempo<\/strong><\/p>\n<p class=\"wp-block-paragraph\">Desde o in\u00edcio, o duelo de estrat\u00e9gias ficou claro. Tanto Espanha, quanto Fran\u00e7a, est\u00e3o respeitando o advers\u00e1rio, mas com a press\u00e3o alta a partir da intermedi\u00e1ria ofensiva.<\/p>\n<p class=\"wp-block-paragraph\">Aos oito minutos, o espanhol Dani Olmo recebeu a bola na entrada da \u00e1rea e levou um pis\u00e3o de Rabiot. O meio-campista franc\u00eas levou amarelo. A falta era muito perigosa. Baena foi para a cobran\u00e7a e acertou a barreira.<\/p>\n<p class=\"wp-block-paragraph\">Com 15 minutos, a postura das duas sele\u00e7\u00f5es seguiu bem conservadora, sem acelerar as jogadas e ceder espa\u00e7os para o rival.<\/p>\n<p class=\"wp-block-paragraph\">Cinco minutos depois, Digne dominou errado uma bola dentro da \u00e1rea de defesa, Yamal tomou a frente com o corpo e foi chutado pelo lateral franc\u00eas.\u00a0O \u00e1rbitro marcou p\u00eanalti.<\/p>\n<p class=\"wp-block-paragraph\">Oyarzabal foi para a cobran\u00e7a, bateu firme no canto esquerdo do goleiro e fez o gol. 1 x 0 para a Espanha.<\/p>\n<p class=\"wp-block-paragraph\">Ap\u00f3s a parada para hidrata\u00e7\u00e3o, o zagueiro franc\u00eas Saliba sentiu dores, sentou no gramado e pediu substitui\u00e7\u00e3o. Lacroix foi chamado para entrar em campo.<\/p>\n<p class=\"wp-block-paragraph\">Aos 33 minutos, Dani Olmo tentou finaliza\u00e7\u00e3o de fora da \u00e1rea, mas chutou muito longe do gol.\u00a0Logo em seguida, Espanha quase fez um gola\u00e7o.<\/p>\n<p class=\"wp-block-paragraph\">Em erro de Maignan, Baena recuperou a bola no campo de ataque e acionou Yamal. O atacante tabelou com Dani Olmo e cruzou para Fabi\u00e1n Ruiz finalizar. O meio-campista foi travado em cima da hora por Upamecano.<\/p>\n<p class=\"wp-block-paragraph\">Ap\u00f3s o lance, o jogo continuou bem morno at\u00e9 o \u00e1rbitro apitar o fim da primeira etapa.<\/p>\n<p class=\"wp-block-paragraph\">A Fran\u00e7a n\u00e3o deu nenhuma finaliza\u00e7\u00e3o no gol nos 45 minutos iniciais. A Espanha, por sua vez, s\u00f3 acertou a meta uma vez, no lance do gol.<\/p>\n<p class=\"wp-block-paragraph\"><strong>2\u00ba tempo<\/strong><\/p>\n<p class=\"wp-block-paragraph\">O segundo tempo come\u00e7ou com posse de bola da Fran\u00e7a. Diferentemente da primeira etapa, os franceses subiram a marca\u00e7\u00e3o, de forma individual.<\/p>\n<p class=\"wp-block-paragraph\">A Espanha se aproveitando dos espa\u00e7os deixados, conseguiu a primeira finaliza\u00e7\u00e3o com seis minutos. Oyarzabal chutou de fora da \u00e1rea, mas por cima da meta.<\/p>\n<p class=\"wp-block-paragraph\">Apesar do susto, a Fran\u00e7a come\u00e7ou a controlar a posse de bola. Entretanto, nos dez primeiros minutos, n\u00e3o conseguiu ter assertividade nos ataques para finalizar ao gol espanhol.<\/p>\n<p class=\"wp-block-paragraph\">Com 13 minutos, a Espanha ampliou o placar. O lateral Pedro Porro conduziu a bola, tabelou com Dani Olmo e saiu na cara de Maignan.\u00a0Com frieza, ele deslocou o goleiro franc\u00eas e fez 2 x 0.<\/p>\n<p class=\"wp-block-paragraph\">Dois minutos depois, a Espanha fez o terceiro gol.\u00a0Lamine Yamal limpou a marca\u00e7\u00e3o na \u00e1rea e acertou o \u00e2ngulo. O gol, entretanto, foi anulado pelo VAR.<\/p>\n<p class=\"wp-block-paragraph\">Aos 20 minutos, a primeira finaliza\u00e7\u00e3o perigosa da Fran\u00e7a na segunda etapa. Mbapp\u00e9 recebeu pela esquerda, pedalou e finalizou para defesa de Unai Sim\u00f3n.<\/p>\n<p class=\"wp-block-paragraph\">Com 2 x 0 no placar, a Espanha come\u00e7ou a dominar os franceses, com bela atua\u00e7\u00e3o do meio-campista Rodri. E, aos 33 minutos, Ferran Torres quase ampliou o placar de cabe\u00e7a. A bola passou raspando a trave.<\/p>\n<p class=\"wp-block-paragraph\">A melhor chance da Fran\u00e7a na segunda etapa veio ap\u00f3s interven\u00e7\u00e3o de Unai Sim\u00f3n. Em lan\u00e7amento para Mbapp\u00e9, o goleiro saiu na intermedi\u00e1ria para cortar o passe. A bola, entretanto, sobrou para Dou\u00e9.<\/p>\n<p class=\"wp-block-paragraph\">Com o gol aberto, o atacante franc\u00eas finalizou mal e perdeu grande oportunidade de diminuir o placar.<\/p>\n<p class=\"wp-block-paragraph\">Em busca do gol para diminuir o placar, a Fran\u00e7a voltou a ter uma oportunidade aos 43 minutos. Em falta na entrada da \u00e1rea, Mbapp\u00e9 bateu por cima da meta.<\/p>\n<p class=\"wp-block-paragraph\">Nos acr\u00e9scimos, Dembele at\u00e9 tentou de perna esquerda, mas Unai Sim\u00f3n fez uma defesa tranquila no centro do gol.\u00a0Logo depois, o \u00e1rbitro apitou o fim do jogo.<\/p>\n<p class=\"wp-block-paragraph\"><em>Com Metr\u00f3poles<\/em><\/p>\n","protected":false},"excerpt":{"rendered":"<p>A Espanha \u00e9 a primeira finalista da Copa do Mundo de 2026 ap\u00f3s vencer a Fran\u00e7a nesta ter\u00e7a-feira (14\/7) A Espanha \u00e9 a primeira finalista da\u00a0Copa do Mundo de 2026.\u00a0Nesta ter\u00e7a-feira (14\/7),\u00a0Fran\u00e7a\u00a0e\u00a0Espanha\u00a0se enfrentam no Est\u00e1dio de Dallas (AT&amp;T Stadium), nos Estados Unidos, pela semifinal da competi\u00e7\u00e3o e os espanh\u00f3is venceram por 2 x 0. Os gols foram marcados pelo atacante Oyarzabal, de p\u00eanalti, aos 22 minutos do primeiro tempo, e pelo lateral Pedro Porro, aos 13 do segundo tempo. 1\u00ba tempo Desde o in\u00edcio, o duelo de estrat\u00e9gias ficou claro. Tanto Espanha, quanto Fran\u00e7a, est\u00e3o respeitando o advers\u00e1rio, mas com a press\u00e3o alta a partir da intermedi\u00e1ria ofensiva. Aos oito minutos, o espanhol Dani Olmo recebeu a bola na entrada da \u00e1rea e levou um pis\u00e3o de Rabiot. O meio-campista franc\u00eas levou amarelo. A falta era muito perigosa. Baena foi para a cobran\u00e7a e acertou a barreira. Com 15 minutos, a postura das duas sele\u00e7\u00f5es seguiu bem conservadora, sem acelerar as jogadas e ceder espa\u00e7os para o rival. Cinco minutos depois, Digne dominou errado uma bola dentro da \u00e1rea de defesa, Yamal tomou a frente com o corpo e foi chutado pelo lateral franc\u00eas.\u00a0O \u00e1rbitro marcou p\u00eanalti. Oyarzabal foi para a cobran\u00e7a, bateu firme no canto esquerdo do goleiro e fez o gol. 1 x 0 para a Espanha. Ap\u00f3s a parada para hidrata\u00e7\u00e3o, o zagueiro franc\u00eas Saliba sentiu dores, sentou no gramado e pediu substitui\u00e7\u00e3o. Lacroix foi chamado para entrar em campo. Aos 33 minutos, Dani Olmo tentou finaliza\u00e7\u00e3o de fora da \u00e1rea, mas chutou muito longe do gol.\u00a0Logo em seguida, Espanha quase fez um gola\u00e7o. Em erro de Maignan, Baena recuperou a bola no campo de ataque e acionou Yamal. O atacante tabelou com Dani Olmo e cruzou para Fabi\u00e1n Ruiz finalizar. O meio-campista foi travado em cima da hora por Upamecano. Ap\u00f3s o lance, o jogo continuou bem morno at\u00e9 o \u00e1rbitro apitar o fim da primeira etapa. A Fran\u00e7a n\u00e3o deu nenhuma finaliza\u00e7\u00e3o no gol nos 45 minutos iniciais. A Espanha, por sua vez, s\u00f3 acertou a meta uma vez, no lance do gol. 2\u00ba tempo O segundo tempo come\u00e7ou com posse de bola da Fran\u00e7a. Diferentemente da primeira etapa, os franceses subiram a marca\u00e7\u00e3o, de forma individual. A Espanha se aproveitando dos espa\u00e7os deixados, conseguiu a primeira finaliza\u00e7\u00e3o com seis minutos. Oyarzabal chutou de fora da \u00e1rea, mas por cima da meta. Apesar do susto, a Fran\u00e7a come\u00e7ou a controlar a posse de bola. Entretanto, nos dez primeiros minutos, n\u00e3o conseguiu ter assertividade nos ataques para finalizar ao gol espanhol. Com 13 minutos, a Espanha ampliou o placar. O lateral Pedro Porro conduziu a bola, tabelou com Dani Olmo e saiu na cara de Maignan.\u00a0Com frieza, ele deslocou o goleiro franc\u00eas e fez 2 x 0. Dois minutos depois, a Espanha fez o terceiro gol.\u00a0Lamine Yamal limpou a marca\u00e7\u00e3o na \u00e1rea e acertou o \u00e2ngulo. O gol, entretanto, foi anulado pelo VAR. Aos 20 minutos, a primeira finaliza\u00e7\u00e3o perigosa da Fran\u00e7a na segunda etapa. Mbapp\u00e9 recebeu pela esquerda, pedalou e finalizou para defesa de Unai Sim\u00f3n. Com 2 x 0 no placar, a Espanha come\u00e7ou a dominar os franceses, com bela atua\u00e7\u00e3o do meio-campista Rodri. E, aos 33 minutos, Ferran Torres quase ampliou o placar de cabe\u00e7a. A bola passou raspando a trave. A melhor chance da Fran\u00e7a na segunda etapa veio ap\u00f3s interven\u00e7\u00e3o de Unai Sim\u00f3n. Em lan\u00e7amento para Mbapp\u00e9, o goleiro saiu na intermedi\u00e1ria para cortar o passe. A bola, entretanto, sobrou para Dou\u00e9. Com o gol aberto, o atacante franc\u00eas finalizou mal e perdeu grande oportunidade de diminuir o placar. Em busca do gol para diminuir o placar, a Fran\u00e7a voltou a ter uma oportunidade aos 43 minutos. Em falta na entrada da \u00e1rea, Mbapp\u00e9 bateu por cima da meta. Nos acr\u00e9scimos, Dembele at\u00e9 tentou de perna esquerda, mas Unai Sim\u00f3n fez uma defesa tranquila no centro do gol.\u00a0Logo depois, o \u00e1rbitro apitou o fim do jogo. Com Metr\u00f3poles<\/p>\n","protected":false},"author":6,"featured_media":317411,"comment_status":"closed","ping_status":"closed","sticky":false,"template":"","format":"standard","meta":{"sfsi_plus_gutenberg_text_before_share":"","sfsi_plus_gutenberg_show_text_before_share":"","sfsi_plus_gutenberg_icon_type":"","sfsi_plus_gutenberg_icon_alignemt":"","sfsi_plus_gutenburg_max_per_row":"","footnotes":""},"categories":[50,13,2],"tags":[],"class_list":["post-317410","post","type-post","status-publish","format-standard","has-post-thumbnail","hentry","category-destaque","category-esportes","category-geral"],"_links":{"self":[{"href":"https:\/\/www.caririemacao.com\/1\/wp-json\/wp\/v2\/posts\/317410","targetHints":{"allow":["GET"]}}],"collection":[{"href":"https:\/\/www.caririemacao.com\/1\/wp-json\/wp\/v2\/posts"}],"about":[{"href":"https:\/\/www.caririemacao.com\/1\/wp-json\/wp\/v2\/types\/post"}],"author":[{"embeddable":true,"href":"https:\/\/www.caririemacao.com\/1\/wp-json\/wp\/v2\/users\/6"}],"replies":[{"embeddable":true,"href":"https:\/\/www.caririemacao.com\/1\/wp-json\/wp\/v2\/comments?post=317410"}],"version-history":[{"count":1,"href":"https:\/\/www.caririemacao.com\/1\/wp-json\/wp\/v2\/posts\/317410\/revisions"}],"predecessor-version":[{"id":317412,"href":"https:\/\/www.caririemacao.com\/1\/wp-json\/wp\/v2\/posts\/317410\/revisions\/317412"}],"wp:featuredmedia":[{"embeddable":true,"href":"https:\/\/www.caririemacao.com\/1\/wp-json\/wp\/v2\/media\/317411"}],"wp:attachment":[{"href":"https:\/\/www.caririemacao.com\/1\/wp-json\/wp\/v2\/media?parent=317410"}],"wp:term":[{"taxonomy":"category","embeddable":true,"href":"https:\/\/www.caririemacao.com\/1\/wp-json\/wp\/v2\/categories?post=317410"},{"taxonomy":"post_tag","embeddable":true,"href":"https:\/\/www.caririemacao.com\/1\/wp-json\/wp\/v2\/tags?post=317410"}],"curies":[{"name":"wp","href":"https:\/\/api.w.org\/{rel}","templated":true}]}}